{"id":30263,"date":"2025-04-11T10:52:39","date_gmt":"2025-04-11T14:52:39","guid":{"rendered":"https:\/\/www.colegioiac.cl\/?p=30263"},"modified":"2025-04-11T10:57:09","modified_gmt":"2025-04-11T14:57:09","slug":"preparandonos-para-el-domingo-de-ramos-en-el-instituto-abdon-cifuentes","status":"publish","type":"post","link":"https:\/\/www.colegioiac.cl\/?p=30263","title":{"rendered":"\u00a1Prepar\u00e1ndonos para el Domingo de Ramos en el Instituto Abd\u00f3n Cifuentes!"},"content":{"rendered":"\n<p>Los alumnos de nuestro instituto se est\u00e1n preparando con mucha alegr\u00eda y devoci\u00f3n para vivir el Domingo de Ramos, inicio de la Semana Santa.<\/p>\n\n\n\n<figure class=\"wp-block-image aligncenter size-large\"><img loading=\"lazy\" decoding=\"async\" width=\"1024\" height=\"683\" src=\"https:\/\/www.colegioiac.cl\/wp-content\/uploads\/2025\/04\/IMG_0234-1024x683.jpg\" alt=\"\" class=\"wp-image-30266\" srcset=\"https:\/\/www.colegioiac.cl\/wp-content\/uploads\/2025\/04\/IMG_0234-980x653.jpg 980w, https:\/\/www.colegioiac.cl\/wp-content\/uploads\/2025\/04\/IMG_0234-480x320.jpg 480w\" sizes=\"(min-width: 0px) and (max-width: 480px) 480px, (min-width: 481px) and (max-width: 980px) 980px, (min-width: 981px) 1024px, 100vw\" \/><\/figure>\n\n\n\n<p>Escribiendo y pintando a sus familias: Reflexionaron sobre el significado de esta celebraci\u00f3n, compartiendo por qu\u00e9 recordamos la entrada triunfal de Jes\u00fas a Jerusal\u00e9n y c\u00f3mo este gesto de humildad y amor nos invita a renovar nuestra fe.<\/p>\n\n\n\n<figure class=\"wp-block-image aligncenter size-large\"><img loading=\"lazy\" decoding=\"async\" width=\"1024\" height=\"683\" src=\"https:\/\/www.colegioiac.cl\/wp-content\/uploads\/2025\/04\/IMG_0195-1024x683.jpg\" alt=\"\" class=\"wp-image-30267\" srcset=\"https:\/\/www.colegioiac.cl\/wp-content\/uploads\/2025\/04\/IMG_0195-980x653.jpg 980w, https:\/\/www.colegioiac.cl\/wp-content\/uploads\/2025\/04\/IMG_0195-480x320.jpg 480w\" sizes=\"(min-width: 0px) and (max-width: 480px) 480px, (min-width: 481px) and (max-width: 980px) 980px, (min-width: 981px) 1024px, 100vw\" \/><\/figure>\n\n\n\n<p>Cantando al Se\u00f1or: Con voces llenas de entusiasmo, est\u00e1n aprendiendo cantos para alabar a Cristo Rey, quien viene en nombre del Padre.<\/p>\n\n\n\n<p>Creando ramos benditos: Con hojas de palma, olivo y romero, cada estudiante est\u00e1 elaborando su propio ramo para llevarlo a la Misa del Domingo de Ramos, donde ser\u00e1n bendecidos como s\u00edmbolo de bienvenida a Jes\u00fas en nuestros corazones.<\/p>\n\n\n\n<figure class=\"wp-block-image aligncenter size-large\"><img loading=\"lazy\" decoding=\"async\" width=\"1024\" height=\"683\" src=\"https:\/\/www.colegioiac.cl\/wp-content\/uploads\/2025\/04\/IMG_0276-1024x683.jpg\" alt=\"\" class=\"wp-image-30268\" srcset=\"https:\/\/www.colegioiac.cl\/wp-content\/uploads\/2025\/04\/IMG_0276-980x653.jpg 980w, https:\/\/www.colegioiac.cl\/wp-content\/uploads\/2025\/04\/IMG_0276-480x320.jpg 480w\" sizes=\"(min-width: 0px) and (max-width: 480px) 480px, (min-width: 481px) and (max-width: 980px) 980px, (min-width: 981px) 1024px, 100vw\" \/><\/figure>\n\n\n\n<p>\u00a1Los invitamos a unirse a esta celebraci\u00f3n y vivir con fervor el inicio de la Semana Santa!<\/p>\n\n\n\n<figure class=\"wp-block-image aligncenter size-large\"><img loading=\"lazy\" decoding=\"async\" width=\"1024\" height=\"1024\" src=\"https:\/\/www.colegioiac.cl\/wp-content\/uploads\/2025\/04\/Misas-Domingo-de-Ramos-1024x1024.jpg\" alt=\"\" class=\"wp-image-30272\" srcset=\"https:\/\/www.colegioiac.cl\/wp-content\/uploads\/2025\/04\/Misas-Domingo-de-Ramos-1024x1024.jpg 1024w, https:\/\/www.colegioiac.cl\/wp-content\/uploads\/2025\/04\/Misas-Domingo-de-Ramos-980x980.jpg 980w, https:\/\/www.colegioiac.cl\/wp-content\/uploads\/2025\/04\/Misas-Domingo-de-Ramos-480x480.jpg 480w\" sizes=\"(min-width: 0px) and (max-width: 480px) 480px, (min-width: 481px) and (max-width: 980px) 980px, (min-width: 981px) 1024px, 100vw\" \/><\/figure>\n","protected":false},"excerpt":{"rendered":"<p>Los alumnos de nuestro instituto se est\u00e1n preparando con mucha alegr\u00eda y devoci\u00f3n para vivir el Domingo de Ramos, inicio de la Semana Santa. Escribiendo y pintando a sus familias: Reflexionaron sobre el significado de esta celebraci\u00f3n, compartiendo por qu\u00e9 recordamos la entrada triunfal de Jes\u00fas a Jerusal\u00e9n y c\u00f3mo este gesto de humildad y [&hellip;]<\/p>\n","protected":false},"author":5,"featured_media":30265,"comment_status":"closed","ping_status":"open","sticky":false,"template":"","format":"standard","meta":{"_et_pb_use_builder":"","_et_pb_old_content":"","_et_gb_content_width":"","ngg_post_thumbnail":0,"footnotes":""},"categories":[17],"tags":[],"class_list":["post-30263","post","type-post","status-publish","format-standard","has-post-thumbnail","hentry","category-noticias"],"_links":{"self":[{"href":"https:\/\/www.colegioiac.cl\/index.php?rest_route=\/wp\/v2\/posts\/30263","targetHints":{"allow":["GET"]}}],"collection":[{"href":"https:\/\/www.colegioiac.cl\/index.php?rest_route=\/wp\/v2\/posts"}],"about":[{"href":"https:\/\/www.colegioiac.cl\/index.php?rest_route=\/wp\/v2\/types\/post"}],"author":[{"embeddable":true,"href":"https:\/\/www.colegioiac.cl\/index.php?rest_route=\/wp\/v2\/users\/5"}],"replies":[{"embeddable":true,"href":"https:\/\/www.colegioiac.cl\/index.php?rest_route=%2Fwp%2Fv2%2Fcomments&post=30263"}],"version-history":[{"count":3,"href":"https:\/\/www.colegioiac.cl\/index.php?rest_route=\/wp\/v2\/posts\/30263\/revisions"}],"predecessor-version":[{"id":30273,"href":"https:\/\/www.colegioiac.cl\/index.php?rest_route=\/wp\/v2\/posts\/30263\/revisions\/30273"}],"wp:featuredmedia":[{"embeddable":true,"href":"https:\/\/www.colegioiac.cl\/index.php?rest_route=\/wp\/v2\/media\/30265"}],"wp:attachment":[{"href":"https:\/\/www.colegioiac.cl\/index.php?rest_route=%2Fwp%2Fv2%2Fmedia&parent=30263"}],"wp:term":[{"taxonomy":"category","embeddable":true,"href":"https:\/\/www.colegioiac.cl\/index.php?rest_route=%2Fwp%2Fv2%2Fcategories&post=30263"},{"taxonomy":"post_tag","embeddable":true,"href":"https:\/\/www.colegioiac.cl\/index.php?rest_route=%2Fwp%2Fv2%2Ftags&post=30263"}],"curies":[{"name":"wp","href":"https:\/\/api.w.org\/{rel}","templated":true}]}}