{"id":30309,"date":"2025-04-16T10:13:32","date_gmt":"2025-04-16T14:13:32","guid":{"rendered":"https:\/\/www.colegioiac.cl\/?p=30309"},"modified":"2025-04-16T10:26:19","modified_gmt":"2025-04-16T14:26:19","slug":"un-hermoso-gesto-de-gratitud","status":"publish","type":"post","link":"https:\/\/www.colegioiac.cl\/?p=30309","title":{"rendered":"\u00a1Un hermoso gesto de gratitud!"},"content":{"rendered":"\n<p>El Instituto Abd\u00f3n Cifuentes quiere compartir con toda su comunidad un emotivo momento que vivieron tres de nuestras queridas profesoras, Dixie Olgu\u00edn, Mar\u00eda Paz Vald\u00e9s y Daniella Araya, quienes acompa\u00f1aron a nuestros estudiantes en su reciente viaje de intercambio a Estados Unidos.<\/p>\n\n\n\n<figure class=\"wp-block-image aligncenter size-large\"><img loading=\"lazy\" decoding=\"async\" width=\"1024\" height=\"683\" src=\"https:\/\/www.colegioiac.cl\/wp-content\/uploads\/2025\/04\/IMG_0534-1024x683.jpg\" alt=\"\" class=\"wp-image-30310\" srcset=\"https:\/\/www.colegioiac.cl\/wp-content\/uploads\/2025\/04\/IMG_0534-980x653.jpg 980w, https:\/\/www.colegioiac.cl\/wp-content\/uploads\/2025\/04\/IMG_0534-480x320.jpg 480w\" sizes=\"(min-width: 0px) and (max-width: 480px) 480px, (min-width: 481px) and (max-width: 980px) 980px, (min-width: 981px) 1024px, 100vw\" \/><\/figure>\n\n\n\n<p>El Instituto Abd\u00f3n Cifuentes quiere compartir con toda su comunidad un emotivo momento que vivieron tres de nuestras queridas profesoras, Dixie Olguin, Mar\u00eda Paz Vald\u00e9s y Pilar Escobar, quienes acompa\u00f1aron a nuestros estudiantes en su reciente viaje de intercambio a Estados Unidos.<\/p>\n\n\n\n<figure class=\"wp-block-image size-large\"><img loading=\"lazy\" decoding=\"async\" width=\"1024\" height=\"683\" src=\"https:\/\/www.colegioiac.cl\/wp-content\/uploads\/2025\/04\/IMG_0525-1024x683.jpg\" alt=\"\" class=\"wp-image-30312\" srcset=\"https:\/\/www.colegioiac.cl\/wp-content\/uploads\/2025\/04\/IMG_0525-980x653.jpg 980w, https:\/\/www.colegioiac.cl\/wp-content\/uploads\/2025\/04\/IMG_0525-480x320.jpg 480w\" sizes=\"(min-width: 0px) and (max-width: 480px) 480px, (min-width: 481px) and (max-width: 980px) 980px, (min-width: 981px) 1024px, 100vw\" \/><\/figure>\n\n\n\n<p><br>Un grupo de apoderadas, como muestra de agradecimiento por la dedicaci\u00f3n y el cari\u00f1o brindado a sus hijos durante esta experiencia, les hicieron llegar un hermoso ramo de flores y un peque\u00f1o obsequio como s\u00edmbolo de su aprecio.<\/p>\n\n\n\n<figure class=\"wp-block-image size-large\"><img loading=\"lazy\" decoding=\"async\" width=\"1024\" height=\"683\" src=\"https:\/\/www.colegioiac.cl\/wp-content\/uploads\/2025\/04\/IMG_0529-1024x683.jpg\" alt=\"\" class=\"wp-image-30313\" srcset=\"https:\/\/www.colegioiac.cl\/wp-content\/uploads\/2025\/04\/IMG_0529-980x653.jpg 980w, https:\/\/www.colegioiac.cl\/wp-content\/uploads\/2025\/04\/IMG_0529-480x320.jpg 480w\" sizes=\"(min-width: 0px) and (max-width: 480px) 480px, (min-width: 481px) and (max-width: 980px) 980px, (min-width: 981px) 1024px, 100vw\" \/><\/figure>\n\n\n\n<p>Este gesto tan especial nos llena de alegr\u00eda y refuerza el esp\u00edritu de comunidad y colaboraci\u00f3n que caracteriza al IAC. Agradecemos a estas familias por su generosidad y, sobre todo, a nuestras docentes, cuyo compromiso y entrega hacen de cada experiencia educativa un verdadero aprendizaje para la vida.<\/p>\n\n\n\n<figure class=\"wp-block-image size-large\"><img loading=\"lazy\" decoding=\"async\" width=\"1024\" height=\"683\" src=\"https:\/\/www.colegioiac.cl\/wp-content\/uploads\/2025\/04\/IMG_0526-1024x683.jpg\" alt=\"\" class=\"wp-image-30314\" srcset=\"https:\/\/www.colegioiac.cl\/wp-content\/uploads\/2025\/04\/IMG_0526-980x653.jpg 980w, https:\/\/www.colegioiac.cl\/wp-content\/uploads\/2025\/04\/IMG_0526-480x320.jpg 480w\" sizes=\"(min-width: 0px) and (max-width: 480px) 480px, (min-width: 481px) and (max-width: 980px) 980px, (min-width: 981px) 1024px, 100vw\" \/><\/figure>\n\n\n\n<p>\u00a1Sigamos cultivando estos lazos que nos hacen una gran familia!<\/p>\n","protected":false},"excerpt":{"rendered":"<p>El Instituto Abd\u00f3n Cifuentes quiere compartir con toda su comunidad un emotivo momento que vivieron tres de nuestras queridas profesoras, Dixie Olgu\u00edn, Mar\u00eda Paz Vald\u00e9s y Daniella Araya, quienes acompa\u00f1aron a nuestros estudiantes en su reciente viaje de intercambio a Estados Unidos. El Instituto Abd\u00f3n Cifuentes quiere compartir con toda su comunidad un emotivo momento [&hellip;]<\/p>\n","protected":false},"author":5,"featured_media":30311,"comment_status":"closed","ping_status":"open","sticky":false,"template":"","format":"standard","meta":{"_et_pb_use_builder":"","_et_pb_old_content":"","_et_gb_content_width":"","ngg_post_thumbnail":0,"footnotes":""},"categories":[17],"tags":[],"class_list":["post-30309","post","type-post","status-publish","format-standard","has-post-thumbnail","hentry","category-noticias"],"_links":{"self":[{"href":"https:\/\/www.colegioiac.cl\/index.php?rest_route=\/wp\/v2\/posts\/30309","targetHints":{"allow":["GET"]}}],"collection":[{"href":"https:\/\/www.colegioiac.cl\/index.php?rest_route=\/wp\/v2\/posts"}],"about":[{"href":"https:\/\/www.colegioiac.cl\/index.php?rest_route=\/wp\/v2\/types\/post"}],"author":[{"embeddable":true,"href":"https:\/\/www.colegioiac.cl\/index.php?rest_route=\/wp\/v2\/users\/5"}],"replies":[{"embeddable":true,"href":"https:\/\/www.colegioiac.cl\/index.php?rest_route=%2Fwp%2Fv2%2Fcomments&post=30309"}],"version-history":[{"count":2,"href":"https:\/\/www.colegioiac.cl\/index.php?rest_route=\/wp\/v2\/posts\/30309\/revisions"}],"predecessor-version":[{"id":30316,"href":"https:\/\/www.colegioiac.cl\/index.php?rest_route=\/wp\/v2\/posts\/30309\/revisions\/30316"}],"wp:featuredmedia":[{"embeddable":true,"href":"https:\/\/www.colegioiac.cl\/index.php?rest_route=\/wp\/v2\/media\/30311"}],"wp:attachment":[{"href":"https:\/\/www.colegioiac.cl\/index.php?rest_route=%2Fwp%2Fv2%2Fmedia&parent=30309"}],"wp:term":[{"taxonomy":"category","embeddable":true,"href":"https:\/\/www.colegioiac.cl\/index.php?rest_route=%2Fwp%2Fv2%2Fcategories&post=30309"},{"taxonomy":"post_tag","embeddable":true,"href":"https:\/\/www.colegioiac.cl\/index.php?rest_route=%2Fwp%2Fv2%2Ftags&post=30309"}],"curies":[{"name":"wp","href":"https:\/\/api.w.org\/{rel}","templated":true}]}}