{"id":30334,"date":"2025-04-17T09:52:50","date_gmt":"2025-04-17T13:52:50","guid":{"rendered":"https:\/\/www.colegioiac.cl\/?p=30334"},"modified":"2025-04-17T09:59:18","modified_gmt":"2025-04-17T13:59:18","slug":"una-noche-inolvidable-con-jesucristo-superstar-en-el-iac","status":"publish","type":"post","link":"https:\/\/www.colegioiac.cl\/?p=30334","title":{"rendered":"Una Noche Inolvidable con \u00abJesucristo Superstar\u00bb en el IAC"},"content":{"rendered":"\n<p><\/p>\n\n\n\n<p>Anoche el patio de nuestro Instituto Abd\u00f3n Cifuentes se transform\u00f3 en un escenario lleno de emoci\u00f3n, m\u00fasica y reflexi\u00f3n, gracias a la incre\u00edble puesta en escena del musical \u00abJesucristo Superstar\u00bb, interpretado por nuestros talentosos estudiantes de Tercero Medio.<\/p>\n\n\n\n<figure class=\"wp-block-image aligncenter size-large\"><img loading=\"lazy\" decoding=\"async\" width=\"1024\" height=\"678\" src=\"https:\/\/www.colegioiac.cl\/wp-content\/uploads\/2025\/04\/DSC_9260-1024x678.jpg\" alt=\"\" class=\"wp-image-30336\" srcset=\"https:\/\/www.colegioiac.cl\/wp-content\/uploads\/2025\/04\/DSC_9260-980x649.jpg 980w, https:\/\/www.colegioiac.cl\/wp-content\/uploads\/2025\/04\/DSC_9260-480x318.jpg 480w\" sizes=\"(min-width: 0px) and (max-width: 480px) 480px, (min-width: 481px) and (max-width: 980px) 980px, (min-width: 981px) 1024px, 100vw\" \/><\/figure>\n\n\n\n<p>Con m\u00e1s de 500 personas de nuestra comunidad educativa \u2014estudiantes, padres, apoderados, funcionarios y exalumnos\u2014 reunidos, vivimos una experiencia \u00fanica que nos invit\u00f3 a profundizar en la vida y obra de Jes\u00fas, recordando nuestro ideario: \u00abJes\u00fas, como modelo de vida\u00bb.<\/p>\n\n\n\n<figure class=\"wp-block-image aligncenter size-large\"><img loading=\"lazy\" decoding=\"async\" width=\"1024\" height=\"678\" src=\"https:\/\/www.colegioiac.cl\/wp-content\/uploads\/2025\/04\/DSC_9297-1024x678.jpg\" alt=\"\" class=\"wp-image-30337\" srcset=\"https:\/\/www.colegioiac.cl\/wp-content\/uploads\/2025\/04\/DSC_9297-980x649.jpg 980w, https:\/\/www.colegioiac.cl\/wp-content\/uploads\/2025\/04\/DSC_9297-480x318.jpg 480w\" sizes=\"(min-width: 0px) and (max-width: 480px) 480px, (min-width: 481px) and (max-width: 980px) 980px, (min-width: 981px) 1024px, 100vw\" \/><\/figure>\n\n\n\n<p>Un esfuerzo de coraz\u00f3n:<br>Por m\u00e1s de un mes, nuestros j\u00f3venes dedicaron horas de ensayo, compromiso y pasi\u00f3n para entregar un espect\u00e1culo lleno de luces, emociones y mensajes profundos. \u00a1Y vaya que lo lograron!<\/p>\n\n\n\n<figure class=\"wp-block-image aligncenter size-large\"><img loading=\"lazy\" decoding=\"async\" width=\"1024\" height=\"678\" src=\"https:\/\/www.colegioiac.cl\/wp-content\/uploads\/2025\/04\/DSC_9394-1024x678.jpg\" alt=\"\" class=\"wp-image-30338\" srcset=\"https:\/\/www.colegioiac.cl\/wp-content\/uploads\/2025\/04\/DSC_9394-980x649.jpg 980w, https:\/\/www.colegioiac.cl\/wp-content\/uploads\/2025\/04\/DSC_9394-480x318.jpg 480w\" sizes=\"(min-width: 0px) and (max-width: 480px) 480px, (min-width: 481px) and (max-width: 980px) 980px, (min-width: 981px) 1024px, 100vw\" \/><\/figure>\n\n\n\n<p>Agradecimientos especiales:<\/p>\n\n\n\n<p>A los apoderados, exalumnos y funcionarios que formaron parte del coro, sumando sus voces a esta gran obra.<\/p>\n\n\n\n<p>A la profesora Roxana y el profesor Marcelo, por su dedicaci\u00f3n y liderazgo en la coordinaci\u00f3n de este evento.<\/p>\n\n\n\n<p>A todos quienes hicieron posible esta noche m\u00e1gica, llena de aprendizajes y momentos que quedar\u00e1n grabados en nuestros corazones.<\/p>\n\n\n\n<figure class=\"wp-block-image aligncenter size-large\"><img loading=\"lazy\" decoding=\"async\" width=\"1024\" height=\"678\" src=\"https:\/\/www.colegioiac.cl\/wp-content\/uploads\/2025\/04\/DSC_9674-1024x678.jpg\" alt=\"\" class=\"wp-image-30339\" srcset=\"https:\/\/www.colegioiac.cl\/wp-content\/uploads\/2025\/04\/DSC_9674-980x649.jpg 980w, https:\/\/www.colegioiac.cl\/wp-content\/uploads\/2025\/04\/DSC_9674-480x318.jpg 480w\" sizes=\"(min-width: 0px) and (max-width: 480px) 480px, (min-width: 481px) and (max-width: 980px) 980px, (min-width: 981px) 1024px, 100vw\" \/><\/figure>\n\n\n\n<p>Esta obra no solo nos entretuvo, sino que tambi\u00e9n nos inspir\u00f3 a reflexionar en esta Semana Santa, recordando el amor, la entrega y la esperanza que Jes\u00fas nos ense\u00f1a.<\/p>\n\n\n\n<p>\u00abPorque donde dos o tres se re\u00fanen en mi nombre, all\u00ed estoy yo en medio de ellos.\u00bb \u2014 Mateo 18:20<\/p>\n\n\n\n<h1 class=\"wp-block-heading\"><\/h1>\n","protected":false},"excerpt":{"rendered":"<p>Anoche el patio de nuestro Instituto Abd\u00f3n Cifuentes se transform\u00f3 en un escenario lleno de emoci\u00f3n, m\u00fasica y reflexi\u00f3n, gracias a la incre\u00edble puesta en escena del musical \u00abJesucristo Superstar\u00bb, interpretado por nuestros talentosos estudiantes de Tercero Medio. Con m\u00e1s de 500 personas de nuestra comunidad educativa \u2014estudiantes, padres, apoderados, funcionarios y exalumnos\u2014 reunidos, vivimos [&hellip;]<\/p>\n","protected":false},"author":5,"featured_media":30335,"comment_status":"closed","ping_status":"open","sticky":false,"template":"","format":"standard","meta":{"_et_pb_use_builder":"","_et_pb_old_content":"","_et_gb_content_width":"","ngg_post_thumbnail":0,"footnotes":""},"categories":[17],"tags":[],"class_list":["post-30334","post","type-post","status-publish","format-standard","has-post-thumbnail","hentry","category-noticias"],"_links":{"self":[{"href":"https:\/\/www.colegioiac.cl\/index.php?rest_route=\/wp\/v2\/posts\/30334","targetHints":{"allow":["GET"]}}],"collection":[{"href":"https:\/\/www.colegioiac.cl\/index.php?rest_route=\/wp\/v2\/posts"}],"about":[{"href":"https:\/\/www.colegioiac.cl\/index.php?rest_route=\/wp\/v2\/types\/post"}],"author":[{"embeddable":true,"href":"https:\/\/www.colegioiac.cl\/index.php?rest_route=\/wp\/v2\/users\/5"}],"replies":[{"embeddable":true,"href":"https:\/\/www.colegioiac.cl\/index.php?rest_route=%2Fwp%2Fv2%2Fcomments&post=30334"}],"version-history":[{"count":1,"href":"https:\/\/www.colegioiac.cl\/index.php?rest_route=\/wp\/v2\/posts\/30334\/revisions"}],"predecessor-version":[{"id":30340,"href":"https:\/\/www.colegioiac.cl\/index.php?rest_route=\/wp\/v2\/posts\/30334\/revisions\/30340"}],"wp:featuredmedia":[{"embeddable":true,"href":"https:\/\/www.colegioiac.cl\/index.php?rest_route=\/wp\/v2\/media\/30335"}],"wp:attachment":[{"href":"https:\/\/www.colegioiac.cl\/index.php?rest_route=%2Fwp%2Fv2%2Fmedia&parent=30334"}],"wp:term":[{"taxonomy":"category","embeddable":true,"href":"https:\/\/www.colegioiac.cl\/index.php?rest_route=%2Fwp%2Fv2%2Fcategories&post=30334"},{"taxonomy":"post_tag","embeddable":true,"href":"https:\/\/www.colegioiac.cl\/index.php?rest_route=%2Fwp%2Fv2%2Ftags&post=30334"}],"curies":[{"name":"wp","href":"https:\/\/api.w.org\/{rel}","templated":true}]}}