{"id":30344,"date":"2025-04-21T09:51:12","date_gmt":"2025-04-21T13:51:12","guid":{"rendered":"https:\/\/www.colegioiac.cl\/?p=30344"},"modified":"2025-04-21T09:51:57","modified_gmt":"2025-04-21T13:51:57","slug":"festejamos-la-resurreccion-de-jesus-y-honramos-el-legado-del-papa-francisco","status":"publish","type":"post","link":"https:\/\/www.colegioiac.cl\/?p=30344","title":{"rendered":"Festejamos la Resurrecci\u00f3n de Jes\u00fas y Honramos el Legado del Papa Francisco"},"content":{"rendered":"\n<p><\/p>\n\n\n\n<p>Esta ma\u00f1ana, en el patio central del Instituto Abd\u00f3n Cifuentes, nos reunimos como comunidad para vivir una hermosa Liturgia en celebraci\u00f3n de la Resurrecci\u00f3n de Jesucristo. Un momento lleno de fe, alegr\u00eda, donde cantamos y nos movilizamos por Jes\u00fas y unidad, donde renovamos nuestra esperanza en el triunfo de la vida sobre la muerte.<\/p>\n\n\n\n<figure class=\"wp-block-image size-large\"><img loading=\"lazy\" decoding=\"async\" width=\"1024\" height=\"683\" src=\"https:\/\/www.colegioiac.cl\/wp-content\/uploads\/2025\/04\/IMG_0749-1024x683.jpg\" alt=\"\" class=\"wp-image-30347\" srcset=\"https:\/\/www.colegioiac.cl\/wp-content\/uploads\/2025\/04\/IMG_0749-980x653.jpg 980w, https:\/\/www.colegioiac.cl\/wp-content\/uploads\/2025\/04\/IMG_0749-480x320.jpg 480w\" sizes=\"(min-width: 0px) and (max-width: 480px) 480px, (min-width: 481px) and (max-width: 980px) 980px, (min-width: 981px) 1024px, 100vw\" \/><\/figure>\n\n\n\n<p>En esta misma instancia, elevamos nuestras oraciones por el eterno descanso del Papa Francisco, quien parti\u00f3 a la Casa del Padre despu\u00e9s de 12 a\u00f1os de pontificado y 88 a\u00f1os de vida. Como el primer Papa latinoamericano, dej\u00f3 un legado inmenso de humildad, misericordia y amor por los m\u00e1s necesitados, siendo recordado como el \u00abPapa de la Misericordia\u00bb, como lo catalog\u00f3 el arzobispo de Tarragona, Joan Planellas.<\/p>\n\n\n\n<figure class=\"wp-block-image size-large\"><img loading=\"lazy\" decoding=\"async\" width=\"1024\" height=\"683\" src=\"https:\/\/www.colegioiac.cl\/wp-content\/uploads\/2025\/04\/IMG_0757-1024x683.jpg\" alt=\"\" class=\"wp-image-30346\" srcset=\"https:\/\/www.colegioiac.cl\/wp-content\/uploads\/2025\/04\/IMG_0757-980x653.jpg 980w, https:\/\/www.colegioiac.cl\/wp-content\/uploads\/2025\/04\/IMG_0757-480x320.jpg 480w\" sizes=\"(min-width: 0px) and (max-width: 480px) 480px, (min-width: 481px) and (max-width: 980px) 980px, (min-width: 981px) 1024px, 100vw\" \/><\/figure>\n\n\n\n<p>El Papa Francisco ten\u00eda predilecci\u00f3n especial por lo pobres y por los marginados, por los migrantes, por todos aquellos que sufren, por todos aquellos que no tienen las condiciones de vivir de una manera digna.<\/p>\n\n\n\n<figure class=\"wp-block-image size-large\"><img loading=\"lazy\" decoding=\"async\" width=\"1024\" height=\"683\" src=\"https:\/\/www.colegioiac.cl\/wp-content\/uploads\/2025\/04\/IMG_0790-1024x683.jpg\" alt=\"\" class=\"wp-image-30348\" srcset=\"https:\/\/www.colegioiac.cl\/wp-content\/uploads\/2025\/04\/IMG_0790-980x653.jpg 980w, https:\/\/www.colegioiac.cl\/wp-content\/uploads\/2025\/04\/IMG_0790-480x320.jpg 480w\" sizes=\"(min-width: 0px) and (max-width: 480px) 480px, (min-width: 481px) and (max-width: 980px) 980px, (min-width: 981px) 1024px, 100vw\" \/><\/figure>\n\n\n\n<p>Hoy, con el coraz\u00f3n acongojado pero lleno de gratitud, pedimos por su alma y por el consuelo de la Iglesia. \u00a1Que brille para \u00e9l la luz perpetua!<\/p>\n\n\n\n<h1 class=\"wp-block-heading\"><\/h1>\n","protected":false},"excerpt":{"rendered":"<p>Esta ma\u00f1ana, en el patio central del Instituto Abd\u00f3n Cifuentes, nos reunimos como comunidad para vivir una hermosa Liturgia en celebraci\u00f3n de la Resurrecci\u00f3n de Jesucristo. Un momento lleno de fe, alegr\u00eda, donde cantamos y nos movilizamos por Jes\u00fas y unidad, donde renovamos nuestra esperanza en el triunfo de la vida sobre la muerte. En [&hellip;]<\/p>\n","protected":false},"author":5,"featured_media":30349,"comment_status":"closed","ping_status":"open","sticky":false,"template":"","format":"standard","meta":{"_et_pb_use_builder":"","_et_pb_old_content":"","_et_gb_content_width":"","ngg_post_thumbnail":0,"footnotes":""},"categories":[17],"tags":[],"class_list":["post-30344","post","type-post","status-publish","format-standard","has-post-thumbnail","hentry","category-noticias"],"_links":{"self":[{"href":"https:\/\/www.colegioiac.cl\/index.php?rest_route=\/wp\/v2\/posts\/30344","targetHints":{"allow":["GET"]}}],"collection":[{"href":"https:\/\/www.colegioiac.cl\/index.php?rest_route=\/wp\/v2\/posts"}],"about":[{"href":"https:\/\/www.colegioiac.cl\/index.php?rest_route=\/wp\/v2\/types\/post"}],"author":[{"embeddable":true,"href":"https:\/\/www.colegioiac.cl\/index.php?rest_route=\/wp\/v2\/users\/5"}],"replies":[{"embeddable":true,"href":"https:\/\/www.colegioiac.cl\/index.php?rest_route=%2Fwp%2Fv2%2Fcomments&post=30344"}],"version-history":[{"count":1,"href":"https:\/\/www.colegioiac.cl\/index.php?rest_route=\/wp\/v2\/posts\/30344\/revisions"}],"predecessor-version":[{"id":30350,"href":"https:\/\/www.colegioiac.cl\/index.php?rest_route=\/wp\/v2\/posts\/30344\/revisions\/30350"}],"wp:featuredmedia":[{"embeddable":true,"href":"https:\/\/www.colegioiac.cl\/index.php?rest_route=\/wp\/v2\/media\/30349"}],"wp:attachment":[{"href":"https:\/\/www.colegioiac.cl\/index.php?rest_route=%2Fwp%2Fv2%2Fmedia&parent=30344"}],"wp:term":[{"taxonomy":"category","embeddable":true,"href":"https:\/\/www.colegioiac.cl\/index.php?rest_route=%2Fwp%2Fv2%2Fcategories&post=30344"},{"taxonomy":"post_tag","embeddable":true,"href":"https:\/\/www.colegioiac.cl\/index.php?rest_route=%2Fwp%2Fv2%2Ftags&post=30344"}],"curies":[{"name":"wp","href":"https:\/\/api.w.org\/{rel}","templated":true}]}}