{"id":30360,"date":"2025-04-23T10:14:57","date_gmt":"2025-04-23T14:14:57","guid":{"rendered":"https:\/\/www.colegioiac.cl\/?p=30360"},"modified":"2025-04-23T10:15:59","modified_gmt":"2025-04-23T14:15:59","slug":"construyendo-juntos-una-convivencia-escolar-positiva-en-el-iac","status":"publish","type":"post","link":"https:\/\/www.colegioiac.cl\/?p=30360","title":{"rendered":"\u00a1Construyendo juntos una convivencia escolar positiva en el IAC!"},"content":{"rendered":"\n<p><\/p>\n\n\n\n<p>Este mes celebramos el Mes de la Convivencia Escolar, un tiempo para reflexionar, aprender y fortalecer los lazos que hacen de nuestro instituto un espacio de respeto, inclusi\u00f3n y buen trato.<\/p>\n\n\n\n<figure class=\"wp-block-image size-large\"><img loading=\"lazy\" decoding=\"async\" width=\"1024\" height=\"683\" src=\"https:\/\/www.colegioiac.cl\/wp-content\/uploads\/2025\/04\/IMG_6266-1024x683.jpg\" alt=\"\" class=\"wp-image-30362\" srcset=\"https:\/\/www.colegioiac.cl\/wp-content\/uploads\/2025\/04\/IMG_6266-980x653.jpg 980w, https:\/\/www.colegioiac.cl\/wp-content\/uploads\/2025\/04\/IMG_6266-480x320.jpg 480w\" sizes=\"(min-width: 0px) and (max-width: 480px) 480px, (min-width: 481px) and (max-width: 980px) 980px, (min-width: 981px) 1024px, 100vw\" \/><\/figure>\n\n\n\n<p>En este marco, se conform\u00f3 el Comit\u00e9 de Buena Convivencia Escolar, integrado por directivos, padres, docentes, asistentes de la educaci\u00f3n y estudiantes del IAC. Este equipo trabajar\u00e1 en promover acciones que fomenten un ambiente escolar arm\u00f3nico, previniendo situaciones de violencia y mediando en la resoluci\u00f3n de conflictos.<\/p>\n\n\n\n<figure class=\"wp-block-image size-large\"><img loading=\"lazy\" decoding=\"async\" width=\"1024\" height=\"683\" src=\"https:\/\/www.colegioiac.cl\/wp-content\/uploads\/2025\/04\/IMG_6259-1024x683.jpg\" alt=\"\" class=\"wp-image-30363\" srcset=\"https:\/\/www.colegioiac.cl\/wp-content\/uploads\/2025\/04\/IMG_6259-980x653.jpg 980w, https:\/\/www.colegioiac.cl\/wp-content\/uploads\/2025\/04\/IMG_6259-480x320.jpg 480w\" sizes=\"(min-width: 0px) and (max-width: 480px) 480px, (min-width: 481px) and (max-width: 980px) 980px, (min-width: 981px) 1024px, 100vw\" \/><\/figure>\n\n\n\n<p>Algunos de los focos abordados en la reuni\u00f3n fueron:<br>&#8211; Socializaci\u00f3n de los lineamientos del Comit\u00e9 y sus funciones.<br>&#8211; Revisi\u00f3n de la Pol\u00edtica Nacional de Convivencia Escolar.<br>&#8211; Presentaci\u00f3n del video creado por los estudiantes del CAIAC para el D\u00eda Contra el Ciberacoso.<\/p>\n\n\n\n<figure class=\"wp-block-image size-large\"><img loading=\"lazy\" decoding=\"async\" width=\"1024\" height=\"683\" src=\"https:\/\/www.colegioiac.cl\/wp-content\/uploads\/2025\/04\/IMG_6274-1024x683.jpg\" alt=\"\" class=\"wp-image-30364\" srcset=\"https:\/\/www.colegioiac.cl\/wp-content\/uploads\/2025\/04\/IMG_6274-980x653.jpg 980w, https:\/\/www.colegioiac.cl\/wp-content\/uploads\/2025\/04\/IMG_6274-480x320.jpg 480w\" sizes=\"(min-width: 0px) and (max-width: 480px) 480px, (min-width: 481px) and (max-width: 980px) 980px, (min-width: 981px) 1024px, 100vw\" \/><\/figure>\n\n\n\n<p>El Comit\u00e9 sesionar\u00e1 peri\u00f3dicamente para asegurar que toda la comunidad educativa participe activamente en el Proyecto Educativo del IAC, con un car\u00e1cter consultivo, informativo y propositivo.<\/p>\n\n\n\n<figure class=\"wp-block-image size-large\"><img loading=\"lazy\" decoding=\"async\" width=\"1024\" height=\"683\" src=\"https:\/\/www.colegioiac.cl\/wp-content\/uploads\/2025\/04\/IMG_6279-1024x683.jpg\" alt=\"\" class=\"wp-image-30366\" srcset=\"https:\/\/www.colegioiac.cl\/wp-content\/uploads\/2025\/04\/IMG_6279-980x653.jpg 980w, https:\/\/www.colegioiac.cl\/wp-content\/uploads\/2025\/04\/IMG_6279-480x320.jpg 480w\" sizes=\"(min-width: 0px) and (max-width: 480px) 480px, (min-width: 481px) and (max-width: 980px) 980px, (min-width: 981px) 1024px, 100vw\" \/><\/figure>\n\n\n\n<p>\u00a1Seguiremos trabajando juntos por un IAC donde todos nos sintamos valorados y respetados!<\/p>\n","protected":false},"excerpt":{"rendered":"<p>Este mes celebramos el Mes de la Convivencia Escolar, un tiempo para reflexionar, aprender y fortalecer los lazos que hacen de nuestro instituto un espacio de respeto, inclusi\u00f3n y buen trato. En este marco, se conform\u00f3 el Comit\u00e9 de Buena Convivencia Escolar, integrado por directivos, padres, docentes, asistentes de la educaci\u00f3n y estudiantes del IAC. [&hellip;]<\/p>\n","protected":false},"author":5,"featured_media":30365,"comment_status":"closed","ping_status":"open","sticky":false,"template":"","format":"standard","meta":{"_et_pb_use_builder":"","_et_pb_old_content":"","_et_gb_content_width":"","ngg_post_thumbnail":0,"footnotes":""},"categories":[17],"tags":[],"class_list":["post-30360","post","type-post","status-publish","format-standard","has-post-thumbnail","hentry","category-noticias"],"_links":{"self":[{"href":"https:\/\/www.colegioiac.cl\/index.php?rest_route=\/wp\/v2\/posts\/30360","targetHints":{"allow":["GET"]}}],"collection":[{"href":"https:\/\/www.colegioiac.cl\/index.php?rest_route=\/wp\/v2\/posts"}],"about":[{"href":"https:\/\/www.colegioiac.cl\/index.php?rest_route=\/wp\/v2\/types\/post"}],"author":[{"embeddable":true,"href":"https:\/\/www.colegioiac.cl\/index.php?rest_route=\/wp\/v2\/users\/5"}],"replies":[{"embeddable":true,"href":"https:\/\/www.colegioiac.cl\/index.php?rest_route=%2Fwp%2Fv2%2Fcomments&post=30360"}],"version-history":[{"count":1,"href":"https:\/\/www.colegioiac.cl\/index.php?rest_route=\/wp\/v2\/posts\/30360\/revisions"}],"predecessor-version":[{"id":30367,"href":"https:\/\/www.colegioiac.cl\/index.php?rest_route=\/wp\/v2\/posts\/30360\/revisions\/30367"}],"wp:featuredmedia":[{"embeddable":true,"href":"https:\/\/www.colegioiac.cl\/index.php?rest_route=\/wp\/v2\/media\/30365"}],"wp:attachment":[{"href":"https:\/\/www.colegioiac.cl\/index.php?rest_route=%2Fwp%2Fv2%2Fmedia&parent=30360"}],"wp:term":[{"taxonomy":"category","embeddable":true,"href":"https:\/\/www.colegioiac.cl\/index.php?rest_route=%2Fwp%2Fv2%2Fcategories&post=30360"},{"taxonomy":"post_tag","embeddable":true,"href":"https:\/\/www.colegioiac.cl\/index.php?rest_route=%2Fwp%2Fv2%2Ftags&post=30360"}],"curies":[{"name":"wp","href":"https:\/\/api.w.org\/{rel}","templated":true}]}}