{"id":30382,"date":"2025-04-29T08:19:28","date_gmt":"2025-04-29T12:19:28","guid":{"rendered":"https:\/\/www.colegioiac.cl\/?p=30382"},"modified":"2025-04-29T08:19:30","modified_gmt":"2025-04-29T12:19:30","slug":"una-experiencia-vocacional-inspiradora","status":"publish","type":"post","link":"https:\/\/www.colegioiac.cl\/?p=30382","title":{"rendered":"\u00a1Una experiencia vocacional inspiradora!"},"content":{"rendered":"\n<p><\/p>\n\n\n\n<p>Nuestros alumnos de IV\u00b0 Medio del Instituto Abd\u00f3n Cifuentes vivieron una jornada incre\u00edble visitando la sede de Vi\u00f1a del Mar de la Universidad Adolfo Ib\u00e1\u00f1ez (UAI). Una salida que les entreg\u00f3 valiosas herramientas para su orientaci\u00f3n vocacional y los acerc\u00f3 al mundo universitario.<\/p>\n\n\n\n<figure class=\"wp-block-image size-large\"><img loading=\"lazy\" decoding=\"async\" width=\"1024\" height=\"683\" src=\"https:\/\/www.colegioiac.cl\/wp-content\/uploads\/2025\/04\/IMG_1894-1024x683.jpg\" alt=\"\" class=\"wp-image-30384\" srcset=\"https:\/\/www.colegioiac.cl\/wp-content\/uploads\/2025\/04\/IMG_1894-980x653.jpg 980w, https:\/\/www.colegioiac.cl\/wp-content\/uploads\/2025\/04\/IMG_1894-480x320.jpg 480w\" sizes=\"(min-width: 0px) and (max-width: 480px) 480px, (min-width: 481px) and (max-width: 980px) 980px, (min-width: 981px) 1024px, 100vw\" \/><\/figure>\n\n\n\n<p>Durante la visita, compartieron con estudiantes de distintas carreras y disfrutaron de una charla motivacional de Adelmo Yori, docente de Artes Liberales, quien les explic\u00f3 el Core Curriculum de la UAI, un modelo educativo inspirado en la Universidad de Columbia que busca formar profesionales con una visi\u00f3n integral.<\/p>\n\n\n\n<figure class=\"wp-block-image size-large\"><img loading=\"lazy\" decoding=\"async\" width=\"1024\" height=\"683\" src=\"https:\/\/www.colegioiac.cl\/wp-content\/uploads\/2025\/04\/IMG_1901-1024x683.jpg\" alt=\"\" class=\"wp-image-30385\" srcset=\"https:\/\/www.colegioiac.cl\/wp-content\/uploads\/2025\/04\/IMG_1901-980x653.jpg 980w, https:\/\/www.colegioiac.cl\/wp-content\/uploads\/2025\/04\/IMG_1901-480x320.jpg 480w\" sizes=\"(min-width: 0px) and (max-width: 480px) 480px, (min-width: 481px) and (max-width: 980px) 980px, (min-width: 981px) 1024px, 100vw\" \/><\/figure>\n\n\n\n<p>Recorrieron las facultades e instalaciones, se dividieron en grupos seg\u00fan sus intereses y resolvieron sus dudas junto a docentes y alumnos de la universidad. \u00a1Hasta hubo tiempo para un almuerzo juntos y una foto grupal para el recuerdo!<\/p>\n\n\n\n<figure class=\"wp-block-image size-large\"><img loading=\"lazy\" decoding=\"async\" width=\"1024\" height=\"683\" src=\"https:\/\/www.colegioiac.cl\/wp-content\/uploads\/2025\/04\/IMG_1903-1024x683.jpg\" alt=\"\" class=\"wp-image-30386\" srcset=\"https:\/\/www.colegioiac.cl\/wp-content\/uploads\/2025\/04\/IMG_1903-980x653.jpg 980w, https:\/\/www.colegioiac.cl\/wp-content\/uploads\/2025\/04\/IMG_1903-480x320.jpg 480w\" sizes=\"(min-width: 0px) and (max-width: 480px) 480px, (min-width: 481px) and (max-width: 980px) 980px, (min-width: 981px) 1024px, 100vw\" \/><\/figure>\n\n\n\n<p>Fue un d\u00eda lleno de aprendizaje, inspiraci\u00f3n y nuevas perspectivas que, sin duda, los ayudar\u00e1 a tomar decisiones m\u00e1s informadas sobre su futuro acad\u00e9mico.<\/p>\n\n\n\n<figure class=\"wp-block-image size-large\"><img loading=\"lazy\" decoding=\"async\" width=\"1024\" height=\"683\" src=\"https:\/\/www.colegioiac.cl\/wp-content\/uploads\/2025\/04\/IMG_1906-1024x683.jpg\" alt=\"\" class=\"wp-image-30387\" srcset=\"https:\/\/www.colegioiac.cl\/wp-content\/uploads\/2025\/04\/IMG_1906-980x653.jpg 980w, https:\/\/www.colegioiac.cl\/wp-content\/uploads\/2025\/04\/IMG_1906-480x320.jpg 480w\" sizes=\"(min-width: 0px) and (max-width: 480px) 480px, (min-width: 481px) and (max-width: 980px) 980px, (min-width: 981px) 1024px, 100vw\" \/><\/figure>\n\n\n\n<p>\u00bfListos para elegir la carrera de sus sue\u00f1os? \u00a1El camino empieza con experiencias como esta!<\/p>\n\n\n\n<h1 class=\"wp-block-heading\"><\/h1>\n","protected":false},"excerpt":{"rendered":"<p>Nuestros alumnos de IV\u00b0 Medio del Instituto Abd\u00f3n Cifuentes vivieron una jornada incre\u00edble visitando la sede de Vi\u00f1a del Mar de la Universidad Adolfo Ib\u00e1\u00f1ez (UAI). Una salida que les entreg\u00f3 valiosas herramientas para su orientaci\u00f3n vocacional y los acerc\u00f3 al mundo universitario. Durante la visita, compartieron con estudiantes de distintas carreras y disfrutaron de [&hellip;]<\/p>\n","protected":false},"author":5,"featured_media":30383,"comment_status":"closed","ping_status":"open","sticky":false,"template":"","format":"standard","meta":{"_et_pb_use_builder":"","_et_pb_old_content":"","_et_gb_content_width":"","ngg_post_thumbnail":0,"footnotes":""},"categories":[17],"tags":[],"class_list":["post-30382","post","type-post","status-publish","format-standard","has-post-thumbnail","hentry","category-noticias"],"_links":{"self":[{"href":"https:\/\/www.colegioiac.cl\/index.php?rest_route=\/wp\/v2\/posts\/30382","targetHints":{"allow":["GET"]}}],"collection":[{"href":"https:\/\/www.colegioiac.cl\/index.php?rest_route=\/wp\/v2\/posts"}],"about":[{"href":"https:\/\/www.colegioiac.cl\/index.php?rest_route=\/wp\/v2\/types\/post"}],"author":[{"embeddable":true,"href":"https:\/\/www.colegioiac.cl\/index.php?rest_route=\/wp\/v2\/users\/5"}],"replies":[{"embeddable":true,"href":"https:\/\/www.colegioiac.cl\/index.php?rest_route=%2Fwp%2Fv2%2Fcomments&post=30382"}],"version-history":[{"count":1,"href":"https:\/\/www.colegioiac.cl\/index.php?rest_route=\/wp\/v2\/posts\/30382\/revisions"}],"predecessor-version":[{"id":30388,"href":"https:\/\/www.colegioiac.cl\/index.php?rest_route=\/wp\/v2\/posts\/30382\/revisions\/30388"}],"wp:featuredmedia":[{"embeddable":true,"href":"https:\/\/www.colegioiac.cl\/index.php?rest_route=\/wp\/v2\/media\/30383"}],"wp:attachment":[{"href":"https:\/\/www.colegioiac.cl\/index.php?rest_route=%2Fwp%2Fv2%2Fmedia&parent=30382"}],"wp:term":[{"taxonomy":"category","embeddable":true,"href":"https:\/\/www.colegioiac.cl\/index.php?rest_route=%2Fwp%2Fv2%2Fcategories&post=30382"},{"taxonomy":"post_tag","embeddable":true,"href":"https:\/\/www.colegioiac.cl\/index.php?rest_route=%2Fwp%2Fv2%2Ftags&post=30382"}],"curies":[{"name":"wp","href":"https:\/\/api.w.org\/{rel}","templated":true}]}}