{"id":30389,"date":"2025-04-29T08:40:59","date_gmt":"2025-04-29T12:40:59","guid":{"rendered":"https:\/\/www.colegioiac.cl\/?p=30389"},"modified":"2025-04-29T08:41:01","modified_gmt":"2025-04-29T12:41:01","slug":"celebramos-el-primer-dia-de-la-semana-del-libro-y-la-buena-convivencia-escolar","status":"publish","type":"post","link":"https:\/\/www.colegioiac.cl\/?p=30389","title":{"rendered":"\u00a1Celebramos el Primer D\u00eda de la Semana del Libro y la Buena Convivencia Escolar!"},"content":{"rendered":"\n<p><\/p>\n\n\n\n<p>El Instituto Abd\u00f3n Cifuentes vivi\u00f3 una jornada llena de magia, lectura y compa\u00f1erismo en el primer d\u00eda de nuestras celebraciones. \u00a1Aqu\u00ed te contamos todo lo que vivimos!<\/p>\n\n\n\n<figure class=\"wp-block-image size-large\"><img loading=\"lazy\" decoding=\"async\" width=\"1024\" height=\"473\" src=\"https:\/\/www.colegioiac.cl\/wp-content\/uploads\/2025\/04\/20250428_094132-1024x473.jpg\" alt=\"\" class=\"wp-image-30391\" srcset=\"https:\/\/www.colegioiac.cl\/wp-content\/uploads\/2025\/04\/20250428_094132-980x453.jpg 980w, https:\/\/www.colegioiac.cl\/wp-content\/uploads\/2025\/04\/20250428_094132-480x222.jpg 480w\" sizes=\"(min-width: 0px) and (max-width: 480px) 480px, (min-width: 481px) and (max-width: 980px) 980px, (min-width: 981px) 1024px, 100vw\" \/><\/figure>\n\n\n\n<p>Rinc\u00f3n Literario: Nuestras docentes se transformaron en los protagonistas de los libros, cautivando a los estudiantes con relatos de las nuevas adquisiciones presentadas en la reuni\u00f3n de apoderados. \u00a1La imaginaci\u00f3n vol\u00f3 alto!<\/p>\n\n\n\n<figure class=\"wp-block-image size-large\"><img loading=\"lazy\" decoding=\"async\" width=\"1024\" height=\"473\" src=\"https:\/\/www.colegioiac.cl\/wp-content\/uploads\/2025\/04\/20250428_094603-1024x473.jpg\" alt=\"\" class=\"wp-image-30392\" srcset=\"https:\/\/www.colegioiac.cl\/wp-content\/uploads\/2025\/04\/20250428_094603-980x453.jpg 980w, https:\/\/www.colegioiac.cl\/wp-content\/uploads\/2025\/04\/20250428_094603-480x222.jpg 480w\" sizes=\"(min-width: 0px) and (max-width: 480px) 480px, (min-width: 481px) and (max-width: 980px) 980px, (min-width: 981px) 1024px, 100vw\" \/><\/figure>\n\n\n\n<p>Chocolate al Aire Libro: Funcionarios y apoderados del Centro de Padres y Apoderados compartieron con los alumnos sus lecturas favoritas, acompa\u00f1adas de un delicioso chocolate caliente. \u00a1Gracias a nuestros apoderados por ese toque de dulzura y calor!<\/p>\n\n\n\n<figure class=\"wp-block-image size-large\"><img loading=\"lazy\" decoding=\"async\" width=\"1024\" height=\"577\" src=\"https:\/\/www.colegioiac.cl\/wp-content\/uploads\/2025\/04\/20250428_093642-1024x577.jpg\" alt=\"\" class=\"wp-image-30393\" srcset=\"https:\/\/www.colegioiac.cl\/wp-content\/uploads\/2025\/04\/20250428_093642-980x552.jpg 980w, https:\/\/www.colegioiac.cl\/wp-content\/uploads\/2025\/04\/20250428_093642-480x270.jpg 480w\" sizes=\"(min-width: 0px) and (max-width: 480px) 480px, (min-width: 481px) and (max-width: 980px) 980px, (min-width: 981px) 1024px, 100vw\" \/><\/figure>\n\n\n\n<p>Micr\u00f3fono Abierto a la Poes\u00eda: Conmemorando los 80 a\u00f1os del Nobel de Literatura de Gabriela Mistral, nuestros alumnos recitaron poes\u00edas, promoviendo el respeto, el buen trato y la inclusi\u00f3n. \u00a1Las peque\u00f1as se robaron el show con sus emotivas interpretaciones!<\/p>\n\n\n\n<figure class=\"wp-block-image size-large\"><img loading=\"lazy\" decoding=\"async\" width=\"1024\" height=\"473\" src=\"https:\/\/www.colegioiac.cl\/wp-content\/uploads\/2025\/04\/20250428_094554-1024x473.jpg\" alt=\"\" class=\"wp-image-30394\" srcset=\"https:\/\/www.colegioiac.cl\/wp-content\/uploads\/2025\/04\/20250428_094554-980x453.jpg 980w, https:\/\/www.colegioiac.cl\/wp-content\/uploads\/2025\/04\/20250428_094554-480x222.jpg 480w\" sizes=\"(min-width: 0px) and (max-width: 480px) 480px, (min-width: 481px) and (max-width: 980px) 980px, (min-width: 981px) 1024px, 100vw\" \/><\/figure>\n\n\n\n<p>Felicitamos y agradecemos a cada docente, funcionario y apoderado que hizo posible esta hermosa actividad. \u00a1Hoy continuamos celebrando con m\u00e1s sorpresas!<\/p>\n\n\n\n<h1 class=\"wp-block-heading\"><\/h1>\n","protected":false},"excerpt":{"rendered":"<p>El Instituto Abd\u00f3n Cifuentes vivi\u00f3 una jornada llena de magia, lectura y compa\u00f1erismo en el primer d\u00eda de nuestras celebraciones. \u00a1Aqu\u00ed te contamos todo lo que vivimos! Rinc\u00f3n Literario: Nuestras docentes se transformaron en los protagonistas de los libros, cautivando a los estudiantes con relatos de las nuevas adquisiciones presentadas en la reuni\u00f3n de apoderados. [&hellip;]<\/p>\n","protected":false},"author":5,"featured_media":30390,"comment_status":"closed","ping_status":"open","sticky":false,"template":"","format":"standard","meta":{"_et_pb_use_builder":"","_et_pb_old_content":"","_et_gb_content_width":"","ngg_post_thumbnail":0,"footnotes":""},"categories":[17],"tags":[],"class_list":["post-30389","post","type-post","status-publish","format-standard","has-post-thumbnail","hentry","category-noticias"],"_links":{"self":[{"href":"https:\/\/www.colegioiac.cl\/index.php?rest_route=\/wp\/v2\/posts\/30389","targetHints":{"allow":["GET"]}}],"collection":[{"href":"https:\/\/www.colegioiac.cl\/index.php?rest_route=\/wp\/v2\/posts"}],"about":[{"href":"https:\/\/www.colegioiac.cl\/index.php?rest_route=\/wp\/v2\/types\/post"}],"author":[{"embeddable":true,"href":"https:\/\/www.colegioiac.cl\/index.php?rest_route=\/wp\/v2\/users\/5"}],"replies":[{"embeddable":true,"href":"https:\/\/www.colegioiac.cl\/index.php?rest_route=%2Fwp%2Fv2%2Fcomments&post=30389"}],"version-history":[{"count":1,"href":"https:\/\/www.colegioiac.cl\/index.php?rest_route=\/wp\/v2\/posts\/30389\/revisions"}],"predecessor-version":[{"id":30395,"href":"https:\/\/www.colegioiac.cl\/index.php?rest_route=\/wp\/v2\/posts\/30389\/revisions\/30395"}],"wp:featuredmedia":[{"embeddable":true,"href":"https:\/\/www.colegioiac.cl\/index.php?rest_route=\/wp\/v2\/media\/30390"}],"wp:attachment":[{"href":"https:\/\/www.colegioiac.cl\/index.php?rest_route=%2Fwp%2Fv2%2Fmedia&parent=30389"}],"wp:term":[{"taxonomy":"category","embeddable":true,"href":"https:\/\/www.colegioiac.cl\/index.php?rest_route=%2Fwp%2Fv2%2Fcategories&post=30389"},{"taxonomy":"post_tag","embeddable":true,"href":"https:\/\/www.colegioiac.cl\/index.php?rest_route=%2Fwp%2Fv2%2Ftags&post=30389"}],"curies":[{"name":"wp","href":"https:\/\/api.w.org\/{rel}","templated":true}]}}