{"id":31498,"date":"2026-03-10T14:35:43","date_gmt":"2026-03-10T18:35:43","guid":{"rendered":"https:\/\/www.colegioiac.cl\/?p=31498"},"modified":"2026-03-10T14:40:50","modified_gmt":"2026-03-10T18:40:50","slug":"provechosa-capacitacion-para-nuestros-docentes-y-funcionarios","status":"publish","type":"post","link":"https:\/\/www.colegioiac.cl\/?p=31498","title":{"rendered":"Provechosa capacitaci\u00f3n para nuestros Docentes y Funcionarios"},"content":{"rendered":"\n<p>Durante la primera semana, de vuelta de vacaciones, se realiz\u00f3 la capacitaci\u00f3n para Docentes y funcionarios del Instituto Abd\u00f3n Cifuentes \u00abResoluci\u00f3n de conflictos en la sala de clases\u00bb dictada por Soledad Garc\u00e9s, Directora de la Fundaci\u00f3n Convivencia Digital, Profesora, especializada en tecnolog\u00edas educativas.<\/p>\n\n\n\n<figure class=\"wp-block-image size-large\"><img loading=\"lazy\" decoding=\"async\" width=\"1024\" height=\"683\" src=\"https:\/\/www.colegioiac.cl\/wp-content\/uploads\/2026\/03\/IMG_5179-1024x683.jpg\" alt=\"\" class=\"wp-image-31500\" srcset=\"https:\/\/www.colegioiac.cl\/wp-content\/uploads\/2026\/03\/IMG_5179-980x653.jpg 980w, https:\/\/www.colegioiac.cl\/wp-content\/uploads\/2026\/03\/IMG_5179-480x320.jpg 480w\" sizes=\"(min-width: 0px) and (max-width: 480px) 480px, (min-width: 481px) and (max-width: 980px) 980px, (min-width: 981px) 1024px, 100vw\" \/><\/figure>\n\n\n\n<p>Soledad nos entreg\u00f3 herramientas para lograr crear h\u00e1bitos digitales saludables, considerando que la tecnolog\u00eda si puede ser un buen complemento pedag\u00f3gico, si se tiene reglamentos, adultos capacitados al respecto y mediciones constantes.<\/p>\n\n\n\n<p>Nuestros Docentes se est\u00e1n perfeccionando en la resoluci\u00f3n de conflictos en la sala de clases dando \u00e9nfasis en la nueva ley de celulares que entr\u00f3 en vigencia este a\u00f1o y a la cual estamos afinando los protocolos definitivos para incorporarlos a la normativa interna del IAC.<\/p>\n\n\n\n<figure class=\"wp-block-image size-large\"><img loading=\"lazy\" decoding=\"async\" width=\"1024\" height=\"683\" src=\"https:\/\/www.colegioiac.cl\/wp-content\/uploads\/2026\/03\/IMG_5182-1024x683.jpg\" alt=\"\" class=\"wp-image-31501\" srcset=\"https:\/\/www.colegioiac.cl\/wp-content\/uploads\/2026\/03\/IMG_5182-980x653.jpg 980w, https:\/\/www.colegioiac.cl\/wp-content\/uploads\/2026\/03\/IMG_5182-480x320.jpg 480w\" sizes=\"(min-width: 0px) and (max-width: 480px) 480px, (min-width: 481px) and (max-width: 980px) 980px, (min-width: 981px) 1024px, 100vw\" \/><\/figure>\n\n\n\n<p>Fue una jornada llena de aprendizajes para nuestros funcionarios, quienes durante todo un d\u00eda compartieron diferentes din\u00e1micas y lograron ver ejemplos pr\u00e1cticos en relaci\u00f3n a esta nueva ley que la Fundaci\u00f3n Convivencia Digital ha estado guiando a diversas comunidades educativas a lo largo de todo Chile.<\/p>\n\n\n\n<p>Agradecemos al equipo de Formaci\u00f3n del instituto en especial a nuestra encargada de convivencia Vinka M\u00e9ndez, quien gestion\u00f3 la visita de la Fundaci\u00f3n Convivencia Digital.<\/p>\n","protected":false},"excerpt":{"rendered":"<p>Durante la primera semana, de vuelta de vacaciones, se realiz\u00f3 la capacitaci\u00f3n para Docentes y funcionarios del Instituto Abd\u00f3n Cifuentes \u00abResoluci\u00f3n de conflictos en la sala de clases\u00bb dictada por Soledad Garc\u00e9s, Directora de la Fundaci\u00f3n Convivencia Digital, Profesora, especializada en tecnolog\u00edas educativas. Soledad nos entreg\u00f3 herramientas para lograr crear h\u00e1bitos digitales saludables, considerando que [&hellip;]<\/p>\n","protected":false},"author":5,"featured_media":31499,"comment_status":"closed","ping_status":"open","sticky":false,"template":"","format":"standard","meta":{"_et_pb_use_builder":"","_et_pb_old_content":"","_et_gb_content_width":"","ngg_post_thumbnail":0,"footnotes":""},"categories":[17],"tags":[],"class_list":["post-31498","post","type-post","status-publish","format-standard","has-post-thumbnail","hentry","category-noticias"],"_links":{"self":[{"href":"https:\/\/www.colegioiac.cl\/index.php?rest_route=\/wp\/v2\/posts\/31498","targetHints":{"allow":["GET"]}}],"collection":[{"href":"https:\/\/www.colegioiac.cl\/index.php?rest_route=\/wp\/v2\/posts"}],"about":[{"href":"https:\/\/www.colegioiac.cl\/index.php?rest_route=\/wp\/v2\/types\/post"}],"author":[{"embeddable":true,"href":"https:\/\/www.colegioiac.cl\/index.php?rest_route=\/wp\/v2\/users\/5"}],"replies":[{"embeddable":true,"href":"https:\/\/www.colegioiac.cl\/index.php?rest_route=%2Fwp%2Fv2%2Fcomments&post=31498"}],"version-history":[{"count":2,"href":"https:\/\/www.colegioiac.cl\/index.php?rest_route=\/wp\/v2\/posts\/31498\/revisions"}],"predecessor-version":[{"id":31503,"href":"https:\/\/www.colegioiac.cl\/index.php?rest_route=\/wp\/v2\/posts\/31498\/revisions\/31503"}],"wp:featuredmedia":[{"embeddable":true,"href":"https:\/\/www.colegioiac.cl\/index.php?rest_route=\/wp\/v2\/media\/31499"}],"wp:attachment":[{"href":"https:\/\/www.colegioiac.cl\/index.php?rest_route=%2Fwp%2Fv2%2Fmedia&parent=31498"}],"wp:term":[{"taxonomy":"category","embeddable":true,"href":"https:\/\/www.colegioiac.cl\/index.php?rest_route=%2Fwp%2Fv2%2Fcategories&post=31498"},{"taxonomy":"post_tag","embeddable":true,"href":"https:\/\/www.colegioiac.cl\/index.php?rest_route=%2Fwp%2Fv2%2Ftags&post=31498"}],"curies":[{"name":"wp","href":"https:\/\/api.w.org\/{rel}","templated":true}]}}