{"id":31730,"date":"2026-04-23T15:23:24","date_gmt":"2026-04-23T19:23:24","guid":{"rendered":"https:\/\/www.colegioiac.cl\/?p=31730"},"modified":"2026-04-23T15:23:28","modified_gmt":"2026-04-23T19:23:28","slug":"segundo-dia-de-celebracion-del-dia-del-libro-y-los-derechos-de-autor","status":"publish","type":"post","link":"https:\/\/www.colegioiac.cl\/?p=31730","title":{"rendered":"Segundo d\u00eda de celebraci\u00f3n del D\u00eda del Libro y los Derechos de Autor"},"content":{"rendered":"\n<p>\u00a1Qu\u00e9 jornada institutana! Hoy nuestro primer recreo se transform\u00f3 en un verdadero cuento viviente. La generaci\u00f3n 2026 nos sorprendi\u00f3 caracterizando a entra\u00f1ables personajes, desde Pinocho y los Tres Mosqueteros, pasando por la Comarca de El Se\u00f1or de los Anillos, hasta llegar a Hogwarts y al encuentro con El Principito. Pasillos llenos de magia, aventura y, sobre todo, pasi\u00f3n por la lectura, donde los visitantes no solo se llevaron grandes historias, sino que tambi\u00e9n \u00fatiles marca libros de regalo.<\/p>\n\n\n\n<figure class=\"wp-block-image size-large\"><img loading=\"lazy\" decoding=\"async\" width=\"1024\" height=\"683\" src=\"https:\/\/www.colegioiac.cl\/wp-content\/uploads\/2026\/04\/IMG_6754-1024x683.jpg\" alt=\"\" class=\"wp-image-31732\" srcset=\"https:\/\/www.colegioiac.cl\/wp-content\/uploads\/2026\/04\/IMG_6754-980x653.jpg 980w, https:\/\/www.colegioiac.cl\/wp-content\/uploads\/2026\/04\/IMG_6754-480x320.jpg 480w\" sizes=\"(min-width: 0px) and (max-width: 480px) 480px, (min-width: 481px) and (max-width: 980px) 980px, (min-width: 981px) 1024px, 100vw\" \/><\/figure>\n\n\n\n<p>Y el buen gusto tambi\u00e9n se hizo presente. Nuestro Centro de Padres comparti\u00f3 un reconfortante chocolate caliente con institutanos de todas las edades. Entre sorbo y sorbo, compart\u00edan sus lecturas favoritas mientras recorr\u00edan la Feria del Libro organizada por nuestros estudiantes de B\u00e1sica y el CAIAC, donde el trueque fue la regla: un libro por otro libro, para que las historias sigan viajando.<\/p>\n\n\n\n<figure class=\"wp-block-image size-large\"><img loading=\"lazy\" decoding=\"async\" width=\"1024\" height=\"683\" src=\"https:\/\/www.colegioiac.cl\/wp-content\/uploads\/2026\/04\/IMG_6823-1024x683.jpg\" alt=\"\" class=\"wp-image-31733\" srcset=\"https:\/\/www.colegioiac.cl\/wp-content\/uploads\/2026\/04\/IMG_6823-980x653.jpg 980w, https:\/\/www.colegioiac.cl\/wp-content\/uploads\/2026\/04\/IMG_6823-480x320.jpg 480w\" sizes=\"(min-width: 0px) and (max-width: 480px) 480px, (min-width: 481px) and (max-width: 980px) 980px, (min-width: 981px) 1024px, 100vw\" \/><\/figure>\n\n\n\n<p>La jornada culmin\u00f3 con una experiencia \u00fanica: el radioteatro \u201cLeonardo y la m\u00e1quina de volar\u201d, una obra que revivi\u00f3 los \u00faltimos d\u00edas de Leonardo Da Vinci y que nuestros institutanos de 7\u00b0 a IV\u00b0 medio disfrutaron y aplaudieron con emoci\u00f3n. Un gui\u00f1o a la creatividad, la invenci\u00f3n y al valor de las ideas propias\u2026 justo en el marco del D\u00eda de los Derechos de Autor.<\/p>\n\n\n\n<figure class=\"wp-block-image size-large\"><img loading=\"lazy\" decoding=\"async\" width=\"1024\" height=\"683\" src=\"https:\/\/www.colegioiac.cl\/wp-content\/uploads\/2026\/04\/IMG_6855-1024x683.jpg\" alt=\"\" class=\"wp-image-31734\" srcset=\"https:\/\/www.colegioiac.cl\/wp-content\/uploads\/2026\/04\/IMG_6855-980x653.jpg 980w, https:\/\/www.colegioiac.cl\/wp-content\/uploads\/2026\/04\/IMG_6855-480x320.jpg 480w\" sizes=\"(min-width: 0px) and (max-width: 480px) 480px, (min-width: 481px) and (max-width: 980px) 980px, (min-width: 981px) 1024px, 100vw\" \/><\/figure>\n\n\n\n<p>Agradecemos profundamente a los profesores de Lenguaje, al Centro de Padres y a las Subdirecciones de Ense\u00f1anza por coordinar cada una de estas actividades con tanto cari\u00f1o y rigurosidad.<\/p>\n\n\n\n<p>Seguimos celebrando que, en el Instituto Abd\u00f3n Cifuentes, leer no es solo un acto acad\u00e9mico: es una aventura compartida<\/p>\n","protected":false},"excerpt":{"rendered":"<p>\u00a1Qu\u00e9 jornada institutana! Hoy nuestro primer recreo se transform\u00f3 en un verdadero cuento viviente. La generaci\u00f3n 2026 nos sorprendi\u00f3 caracterizando a entra\u00f1ables personajes, desde Pinocho y los Tres Mosqueteros, pasando por la Comarca de El Se\u00f1or de los Anillos, hasta llegar a Hogwarts y al encuentro con El Principito. Pasillos llenos de magia, aventura y, [&hellip;]<\/p>\n","protected":false},"author":5,"featured_media":31731,"comment_status":"closed","ping_status":"open","sticky":false,"template":"","format":"standard","meta":{"_et_pb_use_builder":"","_et_pb_old_content":"","_et_gb_content_width":"","ngg_post_thumbnail":0,"footnotes":""},"categories":[17],"tags":[],"class_list":["post-31730","post","type-post","status-publish","format-standard","has-post-thumbnail","hentry","category-noticias"],"_links":{"self":[{"href":"https:\/\/www.colegioiac.cl\/index.php?rest_route=\/wp\/v2\/posts\/31730","targetHints":{"allow":["GET"]}}],"collection":[{"href":"https:\/\/www.colegioiac.cl\/index.php?rest_route=\/wp\/v2\/posts"}],"about":[{"href":"https:\/\/www.colegioiac.cl\/index.php?rest_route=\/wp\/v2\/types\/post"}],"author":[{"embeddable":true,"href":"https:\/\/www.colegioiac.cl\/index.php?rest_route=\/wp\/v2\/users\/5"}],"replies":[{"embeddable":true,"href":"https:\/\/www.colegioiac.cl\/index.php?rest_route=%2Fwp%2Fv2%2Fcomments&post=31730"}],"version-history":[{"count":1,"href":"https:\/\/www.colegioiac.cl\/index.php?rest_route=\/wp\/v2\/posts\/31730\/revisions"}],"predecessor-version":[{"id":31735,"href":"https:\/\/www.colegioiac.cl\/index.php?rest_route=\/wp\/v2\/posts\/31730\/revisions\/31735"}],"wp:featuredmedia":[{"embeddable":true,"href":"https:\/\/www.colegioiac.cl\/index.php?rest_route=\/wp\/v2\/media\/31731"}],"wp:attachment":[{"href":"https:\/\/www.colegioiac.cl\/index.php?rest_route=%2Fwp%2Fv2%2Fmedia&parent=31730"}],"wp:term":[{"taxonomy":"category","embeddable":true,"href":"https:\/\/www.colegioiac.cl\/index.php?rest_route=%2Fwp%2Fv2%2Fcategories&post=31730"},{"taxonomy":"post_tag","embeddable":true,"href":"https:\/\/www.colegioiac.cl\/index.php?rest_route=%2Fwp%2Fv2%2Ftags&post=31730"}],"curies":[{"name":"wp","href":"https:\/\/api.w.org\/{rel}","templated":true}]}}