{"id":31743,"date":"2026-04-27T12:39:07","date_gmt":"2026-04-27T16:39:07","guid":{"rendered":"https:\/\/www.colegioiac.cl\/?p=31743"},"modified":"2026-04-27T12:39:11","modified_gmt":"2026-04-27T16:39:11","slug":"una-experiencia-que-marco-el-inicio-de-grandes-pasos","status":"publish","type":"post","link":"https:\/\/www.colegioiac.cl\/?p=31743","title":{"rendered":"Una experiencia que marc\u00f3 el inicio de grandes pasos"},"content":{"rendered":"\n<p>El pasado fin de semana, nuestra Pastoral Juvenil vivi\u00f3 su primera gran actividad fuera del colegio, la Peregrinaci\u00f3n Diocesana al Santuario de Santa Teresa de los Andes.<\/p>\n\n\n\n<p>La jornada comenz\u00f3 en el Liceo Parroquial Teresita de Los Andes, en Rinconada, donde los institutanos calentaron motores con cantos y bailes que llenaron de energ\u00eda el ambiente. Recibimos, adem\u00e1s, unas palabras del Obispo Gonzalo Bravo, quien nos anim\u00f3 a poner el coraz\u00f3n en cada paso. Luego, una colaci\u00f3n para reponer fuerzas y \u00a1a caminar!<\/p>\n\n\n\n<figure class=\"wp-block-image size-large\"><img loading=\"lazy\" decoding=\"async\" width=\"1024\" height=\"683\" src=\"https:\/\/www.colegioiac.cl\/wp-content\/uploads\/2026\/04\/6-1-1024x683.jpg\" alt=\"\" class=\"wp-image-31745\" srcset=\"https:\/\/www.colegioiac.cl\/wp-content\/uploads\/2026\/04\/6-1-980x653.jpg 980w, https:\/\/www.colegioiac.cl\/wp-content\/uploads\/2026\/04\/6-1-480x320.jpg 480w\" sizes=\"(min-width: 0px) and (max-width: 480px) 480px, (min-width: 481px) and (max-width: 980px) 980px, (min-width: 981px) 1024px, 100vw\" \/><\/figure>\n\n\n\n<p>En el trayecto, hicimos una parada en la Ermita de Schoenstatt, un rinc\u00f3n de paz perfecto para orar, recargar energ\u00edas y disfrutar de un descanso en calma.<\/p>\n\n\n\n<p>Al llegar al Santuario, fuimos recibidos por las Pastorales de Adultos Mayores en el sector de la Virgen, mientras la banda de m\u00fasica del Colegio Marie Poussepin nos regalaba un ambiente festivo y fraterno.<\/p>\n\n\n\n<p>Recorrimos el Santuario, visitamos a Santa Teresa y vivimos un momento \u00fanico: escuchar los testimonios del Padre Erwin Prieto y la Sra. Judith Galleguillos, quienes compartieron c\u00f3mo, por intercesi\u00f3n de Teresita de Los Andes, el Se\u00f1or ha obrado milagros en sus vidas.<\/p>\n\n\n\n<figure class=\"wp-block-image size-large\"><img loading=\"lazy\" decoding=\"async\" width=\"1024\" height=\"683\" src=\"https:\/\/www.colegioiac.cl\/wp-content\/uploads\/2026\/04\/12-1024x683.jpg\" alt=\"\" class=\"wp-image-31746\" srcset=\"https:\/\/www.colegioiac.cl\/wp-content\/uploads\/2026\/04\/12-980x653.jpg 980w, https:\/\/www.colegioiac.cl\/wp-content\/uploads\/2026\/04\/12-480x320.jpg 480w\" sizes=\"(min-width: 0px) and (max-width: 480px) 480px, (min-width: 481px) and (max-width: 980px) 980px, (min-width: 981px) 1024px, 100vw\" \/><\/figure>\n\n\n\n<p>Con el sol brillando, nuestra comunidad camin\u00f3 con cantos, oraciones y mucha alegr\u00eda. La fe creci\u00f3, el amor por Dios se hizo m\u00e1s profundo y el esp\u00edritu institutano se fortaleci\u00f3 en cada kil\u00f3metro recorrido.<\/p>\n\n\n\n<p>Agradecemos a la Profesora Rossana Contreras por coordinar esta Peregrinaci\u00f3n que estuvo organizada por la di\u00f3cesis de San Felipe celebrando 100 a\u00f1os de evangelizaci\u00f3n.<\/p>\n","protected":false},"excerpt":{"rendered":"<p>El pasado fin de semana, nuestra Pastoral Juvenil vivi\u00f3 su primera gran actividad fuera del colegio, la Peregrinaci\u00f3n Diocesana al Santuario de Santa Teresa de los Andes. La jornada comenz\u00f3 en el Liceo Parroquial Teresita de Los Andes, en Rinconada, donde los institutanos calentaron motores con cantos y bailes que llenaron de energ\u00eda el ambiente. [&hellip;]<\/p>\n","protected":false},"author":5,"featured_media":31744,"comment_status":"closed","ping_status":"open","sticky":false,"template":"","format":"standard","meta":{"_et_pb_use_builder":"","_et_pb_old_content":"","_et_gb_content_width":"","ngg_post_thumbnail":0,"footnotes":""},"categories":[17],"tags":[],"class_list":["post-31743","post","type-post","status-publish","format-standard","has-post-thumbnail","hentry","category-noticias"],"_links":{"self":[{"href":"https:\/\/www.colegioiac.cl\/index.php?rest_route=\/wp\/v2\/posts\/31743","targetHints":{"allow":["GET"]}}],"collection":[{"href":"https:\/\/www.colegioiac.cl\/index.php?rest_route=\/wp\/v2\/posts"}],"about":[{"href":"https:\/\/www.colegioiac.cl\/index.php?rest_route=\/wp\/v2\/types\/post"}],"author":[{"embeddable":true,"href":"https:\/\/www.colegioiac.cl\/index.php?rest_route=\/wp\/v2\/users\/5"}],"replies":[{"embeddable":true,"href":"https:\/\/www.colegioiac.cl\/index.php?rest_route=%2Fwp%2Fv2%2Fcomments&post=31743"}],"version-history":[{"count":1,"href":"https:\/\/www.colegioiac.cl\/index.php?rest_route=\/wp\/v2\/posts\/31743\/revisions"}],"predecessor-version":[{"id":31747,"href":"https:\/\/www.colegioiac.cl\/index.php?rest_route=\/wp\/v2\/posts\/31743\/revisions\/31747"}],"wp:featuredmedia":[{"embeddable":true,"href":"https:\/\/www.colegioiac.cl\/index.php?rest_route=\/wp\/v2\/media\/31744"}],"wp:attachment":[{"href":"https:\/\/www.colegioiac.cl\/index.php?rest_route=%2Fwp%2Fv2%2Fmedia&parent=31743"}],"wp:term":[{"taxonomy":"category","embeddable":true,"href":"https:\/\/www.colegioiac.cl\/index.php?rest_route=%2Fwp%2Fv2%2Fcategories&post=31743"},{"taxonomy":"post_tag","embeddable":true,"href":"https:\/\/www.colegioiac.cl\/index.php?rest_route=%2Fwp%2Fv2%2Ftags&post=31743"}],"curies":[{"name":"wp","href":"https:\/\/api.w.org\/{rel}","templated":true}]}}