{"id":31765,"date":"2026-04-30T13:46:52","date_gmt":"2026-04-30T17:46:52","guid":{"rendered":"https:\/\/www.colegioiac.cl\/?p=31765"},"modified":"2026-04-30T13:46:55","modified_gmt":"2026-04-30T17:46:55","slug":"conocer-la-convivencia-digital-nos-acerca-a-proteger-nuestra-huella-digital","status":"publish","type":"post","link":"https:\/\/www.colegioiac.cl\/?p=31765","title":{"rendered":"Conocer la Convivencia Digital nos acerca a proteger nuestra Huella Digital"},"content":{"rendered":"\n<p>Durante dos semanas, Soledad Garc\u00e9s fue parte de nuestra comunidad para hablar de un tema que nos atraviesa a todos: la convivencia digital. Y lo hizo con talleres en cada nivel, porque el mundo online tambi\u00e9n necesita reglas claras, v\u00ednculos sanos y mucha inteligencia colectiva.<\/p>\n\n\n\n<p>Padres de Preb\u00e1sica a 3\u00b0 b\u00e1sico, duplas de padres e hijos de 4\u00b0 a 6\u00b0 b\u00e1sicos, tambi\u00e9n de 7\u00b0 y 8\u00b0 b\u00e1sicos, y finalmente nuestros estudiantes de Ense\u00f1anza Media: todos tuvieron su espacio para reflexionar sobre la huella digital, la relaci\u00f3n que tejemos con las redes sociales, el arte de poner l\u00edmites, y hasta datos sorprendentes sobre c\u00f3mo las pantallas impactan nuestro cerebro.<\/p>\n\n\n\n<figure class=\"wp-block-image size-large\"><img loading=\"lazy\" decoding=\"async\" width=\"1024\" height=\"683\" src=\"https:\/\/www.colegioiac.cl\/wp-content\/uploads\/2026\/04\/IMG_7877-1024x683.jpg\" alt=\"\" class=\"wp-image-31769\" srcset=\"https:\/\/www.colegioiac.cl\/wp-content\/uploads\/2026\/04\/IMG_7877-980x653.jpg 980w, https:\/\/www.colegioiac.cl\/wp-content\/uploads\/2026\/04\/IMG_7877-480x320.jpg 480w\" sizes=\"(min-width: 0px) and (max-width: 480px) 480px, (min-width: 481px) and (max-width: 980px) 980px, (min-width: 981px) 1024px, 100vw\" \/><\/figure>\n\n\n\n<p>Uno de los puntos que m\u00e1s conversaci\u00f3n gener\u00f3 fue conocer la nueva ley de protecci\u00f3n de datos que comenzar\u00e1 a regir en diciembre en el pa\u00eds, con ejemplos concretos de c\u00f3mo el desconocimiento puede llevar a infringir la ley sin siquiera advertirlo. Informaci\u00f3n clave para navegar sin sobresaltos.<\/p>\n\n\n\n<p>Como institutanos e institutanas, los invitamos a seguir aplicando lo aprendido, cuidar cada like, cada comentario, cada hora de conexi\u00f3n puede ser una decisi\u00f3n consciente. La convivencia digital se construye d\u00eda a d\u00eda, y ustedes ya est\u00e1n dando el primer paso.<\/p>\n\n\n\n<figure class=\"wp-block-image size-large\"><img loading=\"lazy\" decoding=\"async\" width=\"1024\" height=\"683\" src=\"https:\/\/www.colegioiac.cl\/wp-content\/uploads\/2026\/04\/IMG_7893-1024x683.jpg\" alt=\"\" class=\"wp-image-31770\" srcset=\"https:\/\/www.colegioiac.cl\/wp-content\/uploads\/2026\/04\/IMG_7893-980x653.jpg 980w, https:\/\/www.colegioiac.cl\/wp-content\/uploads\/2026\/04\/IMG_7893-480x320.jpg 480w\" sizes=\"(min-width: 0px) and (max-width: 480px) 480px, (min-width: 481px) and (max-width: 980px) 980px, (min-width: 981px) 1024px, 100vw\" \/><\/figure>\n\n\n\n<p>Agradecemos profundamente al \u00c1rea de Convivencia del IAC por organizar esta actividad tan necesaria y oportuna. Y por supuesto, a Soledad Garc\u00e9s, Directora de la Fundaci\u00f3n por la Convivencia Digital, por acercarnos el conocimiento con claridad y cercan\u00eda.<\/p>\n\n\n\n<p>Sigamos siendo comunidad, tambi\u00e9n en la red, cuid\u00e1ndonos y cuidando al pr\u00f3jimo.<\/p>\n","protected":false},"excerpt":{"rendered":"<p>Durante dos semanas, Soledad Garc\u00e9s fue parte de nuestra comunidad para hablar de un tema que nos atraviesa a todos: la convivencia digital. Y lo hizo con talleres en cada nivel, porque el mundo online tambi\u00e9n necesita reglas claras, v\u00ednculos sanos y mucha inteligencia colectiva. Padres de Preb\u00e1sica a 3\u00b0 b\u00e1sico, duplas de padres e [&hellip;]<\/p>\n","protected":false},"author":5,"featured_media":31768,"comment_status":"closed","ping_status":"open","sticky":false,"template":"","format":"standard","meta":{"_et_pb_use_builder":"","_et_pb_old_content":"","_et_gb_content_width":"","ngg_post_thumbnail":0,"footnotes":""},"categories":[17],"tags":[],"class_list":["post-31765","post","type-post","status-publish","format-standard","has-post-thumbnail","hentry","category-noticias"],"_links":{"self":[{"href":"https:\/\/www.colegioiac.cl\/index.php?rest_route=\/wp\/v2\/posts\/31765","targetHints":{"allow":["GET"]}}],"collection":[{"href":"https:\/\/www.colegioiac.cl\/index.php?rest_route=\/wp\/v2\/posts"}],"about":[{"href":"https:\/\/www.colegioiac.cl\/index.php?rest_route=\/wp\/v2\/types\/post"}],"author":[{"embeddable":true,"href":"https:\/\/www.colegioiac.cl\/index.php?rest_route=\/wp\/v2\/users\/5"}],"replies":[{"embeddable":true,"href":"https:\/\/www.colegioiac.cl\/index.php?rest_route=%2Fwp%2Fv2%2Fcomments&post=31765"}],"version-history":[{"count":1,"href":"https:\/\/www.colegioiac.cl\/index.php?rest_route=\/wp\/v2\/posts\/31765\/revisions"}],"predecessor-version":[{"id":31771,"href":"https:\/\/www.colegioiac.cl\/index.php?rest_route=\/wp\/v2\/posts\/31765\/revisions\/31771"}],"wp:featuredmedia":[{"embeddable":true,"href":"https:\/\/www.colegioiac.cl\/index.php?rest_route=\/wp\/v2\/media\/31768"}],"wp:attachment":[{"href":"https:\/\/www.colegioiac.cl\/index.php?rest_route=%2Fwp%2Fv2%2Fmedia&parent=31765"}],"wp:term":[{"taxonomy":"category","embeddable":true,"href":"https:\/\/www.colegioiac.cl\/index.php?rest_route=%2Fwp%2Fv2%2Fcategories&post=31765"},{"taxonomy":"post_tag","embeddable":true,"href":"https:\/\/www.colegioiac.cl\/index.php?rest_route=%2Fwp%2Fv2%2Ftags&post=31765"}],"curies":[{"name":"wp","href":"https:\/\/api.w.org\/{rel}","templated":true}]}}