{"id":32370,"date":"2026-08-31T14:38:28","date_gmt":"2026-08-31T18:38:28","guid":{"rendered":"https:\/\/www.colegioiac.cl\/?p=32370"},"modified":"2026-08-31T14:38:30","modified_gmt":"2026-08-31T18:38:30","slug":"a-un-mes-de-tu-partida-te-despedimos-con-tu-pie-de-limon","status":"publish","type":"post","link":"https:\/\/www.colegioiac.cl\/?p=32370","title":{"rendered":"A un mes de tu partida, te despedimos con t\u00fa Pie de lim\u00f3n"},"content":{"rendered":"\n<p class=\"wp-block-paragraph\">Cada 28 del mes ser\u00e1 especial para nuestro instituto, ya se cumple un mes, que a nuestro querido Mart\u00edn lo despedimos como comunidad y sin duda que \u00e9l nos acompa\u00f1\u00f3 a su manera en la misa que realizamos en la capilla junto a los terceros medios, apoderados y por supuesto la familia de Mart\u00edn que quiso estar en este d\u00eda tan especial para el IAC.<\/p>\n\n\n\n<p class=\"wp-block-paragraph\">La misa la realiz\u00f3 el Padre Diego, qui\u00e9n nos dijo que la tierra sigue siendo un lugar bueno para vivir, que a pesar del dolor, la vida contin\u00faa y Mart\u00edn siempre estar\u00e1 acompa\u00f1\u00e1ndonos en nuestros corazones y en cada rinc\u00f3n.<\/p>\n\n\n\n<figure class=\"wp-block-image size-large\"><img loading=\"lazy\" decoding=\"async\" width=\"1024\" height=\"683\" src=\"https:\/\/www.colegioiac.cl\/wp-content\/uploads\/2026\/08\/IMG_2086-1024x683.jpg\" alt=\"\" class=\"wp-image-32372\" srcset=\"https:\/\/www.colegioiac.cl\/wp-content\/uploads\/2026\/08\/IMG_2086-980x551.jpg 980w, https:\/\/www.colegioiac.cl\/wp-content\/uploads\/2026\/08\/IMG_2086-480x270.jpg 480w\" sizes=\"(min-width: 0px) and (max-width: 480px) 480px, (min-width: 481px) and (max-width: 980px) 980px, (min-width: 981px) 1024px, 100vw\" \/><\/figure>\n\n\n\n<p class=\"wp-block-paragraph\">En la misa vivimos un momento especial cuando recibimos un collage con las fotos de Mart\u00edn y un peque\u00f1o altar con su foto que el Padre Diego bendijo de las manos de los profesores jefes de los terceros.<\/p>\n\n\n\n<p class=\"wp-block-paragraph\">El momento m\u00e1s emocionante ocurri\u00f3 luego de la misa, ya que los padres de Mart\u00edn prepararon una sorpresa que se les dio, tanto a estudiantes, como a funcionarios, una promesa de Mart\u00edn que su madre cumpli\u00f3, unos ricos pie de lim\u00f3n. Uno a uno los asistentes recibieron este especial pastel que Mart\u00edn siempre ofrec\u00eda.<\/p>\n\n\n\n<figure class=\"wp-block-image size-large\"><img loading=\"lazy\" decoding=\"async\" width=\"1024\" height=\"683\" src=\"https:\/\/www.colegioiac.cl\/wp-content\/uploads\/2026\/08\/IMG_2087-1024x683.jpg\" alt=\"\" class=\"wp-image-32373\" srcset=\"https:\/\/www.colegioiac.cl\/wp-content\/uploads\/2026\/08\/IMG_2087-980x551.jpg 980w, https:\/\/www.colegioiac.cl\/wp-content\/uploads\/2026\/08\/IMG_2087-480x270.jpg 480w\" sizes=\"(min-width: 0px) and (max-width: 480px) 480px, (min-width: 481px) and (max-width: 980px) 980px, (min-width: 981px) 1024px, 100vw\" \/><\/figure>\n\n\n\n<p class=\"wp-block-paragraph\">Fue un d\u00eda de recuerdo y tambi\u00e9n de despedida, no es f\u00e1cil decir adi\u00f3s y entendemos el dolor y lo dif\u00edcil que es para su familia recordar a Mart\u00edn en el IAC, por eso lo abrazamos y tenemos fe que Dios los juntar\u00e1 cuando sea el momento, por mientras la tierra sigue siendo un lugar bueno&#8230;<\/p>\n","protected":false},"excerpt":{"rendered":"<p>Cada 28 del mes ser\u00e1 especial para nuestro instituto, ya se cumple un mes, que a nuestro querido Mart\u00edn lo despedimos como comunidad y sin duda que \u00e9l nos acompa\u00f1\u00f3 a su manera en la misa que realizamos en la capilla junto a los terceros medios, apoderados y por supuesto la familia de Mart\u00edn que [&hellip;]<\/p>\n","protected":false},"author":5,"featured_media":32371,"comment_status":"closed","ping_status":"open","sticky":false,"template":"","format":"standard","meta":{"_et_pb_use_builder":"","_et_pb_old_content":"","_et_gb_content_width":"","ngg_post_thumbnail":0,"footnotes":""},"categories":[17],"tags":[],"class_list":["post-32370","post","type-post","status-publish","format-standard","has-post-thumbnail","hentry","category-noticias"],"_links":{"self":[{"href":"https:\/\/www.colegioiac.cl\/index.php?rest_route=\/wp\/v2\/posts\/32370","targetHints":{"allow":["GET"]}}],"collection":[{"href":"https:\/\/www.colegioiac.cl\/index.php?rest_route=\/wp\/v2\/posts"}],"about":[{"href":"https:\/\/www.colegioiac.cl\/index.php?rest_route=\/wp\/v2\/types\/post"}],"author":[{"embeddable":true,"href":"https:\/\/www.colegioiac.cl\/index.php?rest_route=\/wp\/v2\/users\/5"}],"replies":[{"embeddable":true,"href":"https:\/\/www.colegioiac.cl\/index.php?rest_route=%2Fwp%2Fv2%2Fcomments&post=32370"}],"version-history":[{"count":1,"href":"https:\/\/www.colegioiac.cl\/index.php?rest_route=\/wp\/v2\/posts\/32370\/revisions"}],"predecessor-version":[{"id":32374,"href":"https:\/\/www.colegioiac.cl\/index.php?rest_route=\/wp\/v2\/posts\/32370\/revisions\/32374"}],"wp:featuredmedia":[{"embeddable":true,"href":"https:\/\/www.colegioiac.cl\/index.php?rest_route=\/wp\/v2\/media\/32371"}],"wp:attachment":[{"href":"https:\/\/www.colegioiac.cl\/index.php?rest_route=%2Fwp%2Fv2%2Fmedia&parent=32370"}],"wp:term":[{"taxonomy":"category","embeddable":true,"href":"https:\/\/www.colegioiac.cl\/index.php?rest_route=%2Fwp%2Fv2%2Fcategories&post=32370"},{"taxonomy":"post_tag","embeddable":true,"href":"https:\/\/www.colegioiac.cl\/index.php?rest_route=%2Fwp%2Fv2%2Ftags&post=32370"}],"curies":[{"name":"wp","href":"https:\/\/api.w.org\/{rel}","templated":true}]}}