{"id":32381,"date":"2026-08-31T22:05:54","date_gmt":"2026-09-01T02:05:54","guid":{"rendered":"https:\/\/www.colegioiac.cl\/?p=32381"},"modified":"2026-08-31T22:05:56","modified_gmt":"2026-09-01T02:05:56","slug":"firme-paso-para-los-regionales","status":"publish","type":"post","link":"https:\/\/www.colegioiac.cl\/?p=32381","title":{"rendered":"Firme paso para los regionales"},"content":{"rendered":"\n<p class=\"wp-block-paragraph\">El balonmano Juvenil Varones derroch\u00f3 toda su experiencia en el interprovincial, donde nuestra selecci\u00f3n del IAC derrot\u00f3 a su similar del Liceo Mixto de Los Andes, adjudic\u00e1ndose el paso a las finales regionales.<\/p>\n\n\n\n<p class=\"wp-block-paragraph\">El balonmano en el IAC es toda una tradici\u00f3n, ya el a\u00f1o pasado, varios jugadores de la actual selecci\u00f3n juvenil pasaron por el Nacional de balonmano y eso se not\u00f3 en estos interprovinciales clasificatorios disputados en el polideportivo de Calle Larga.<\/p>\n\n\n\n<figure class=\"wp-block-image size-large\"><img loading=\"lazy\" decoding=\"async\" width=\"1024\" height=\"683\" src=\"https:\/\/www.colegioiac.cl\/wp-content\/uploads\/2026\/08\/IMG_2146-1024x683.jpg\" alt=\"\" class=\"wp-image-32383\" srcset=\"https:\/\/www.colegioiac.cl\/wp-content\/uploads\/2026\/08\/IMG_2146-980x551.jpg 980w, https:\/\/www.colegioiac.cl\/wp-content\/uploads\/2026\/08\/IMG_2146-480x270.jpg 480w\" sizes=\"(min-width: 0px) and (max-width: 480px) 480px, (min-width: 481px) and (max-width: 980px) 980px, (min-width: 981px) 1024px, 100vw\" \/><\/figure>\n\n\n\n<p class=\"wp-block-paragraph\">El partido no fue f\u00e1cil, en el entretiempo el IAC perd\u00eda por dos, pero nuestra dupla t\u00e9cnica, liderada por el Profesor Euclides Silva, supo hacer lo suyo, motivando a esta generaci\u00f3n que sabe de triunfos y esta vez no iba a ser la excepci\u00f3n.<\/p>\n\n\n\n<p class=\"wp-block-paragraph\">Con un ejemplar \u00faltimo tiempo, nuestros jugadores demostraron de qu\u00e9 son capaces y ganaron el partido. Con esto se consolidan como uno de los favoritos en ganar el Regional, un peso que saben llevar y que esperamos podamos festejar en Valpara\u00edso para lograr el trofeo Regional.<\/p>\n","protected":false},"excerpt":{"rendered":"<p>El balonmano Juvenil Varones derroch\u00f3 toda su experiencia en el interprovincial, donde nuestra selecci\u00f3n del IAC derrot\u00f3 a su similar del Liceo Mixto de Los Andes, adjudic\u00e1ndose el paso a las finales regionales. El balonmano en el IAC es toda una tradici\u00f3n, ya el a\u00f1o pasado, varios jugadores de la actual selecci\u00f3n juvenil pasaron por [&hellip;]<\/p>\n","protected":false},"author":5,"featured_media":32382,"comment_status":"closed","ping_status":"open","sticky":false,"template":"","format":"standard","meta":{"_et_pb_use_builder":"","_et_pb_old_content":"","_et_gb_content_width":"","ngg_post_thumbnail":0,"footnotes":""},"categories":[17],"tags":[],"class_list":["post-32381","post","type-post","status-publish","format-standard","has-post-thumbnail","hentry","category-noticias"],"_links":{"self":[{"href":"https:\/\/www.colegioiac.cl\/index.php?rest_route=\/wp\/v2\/posts\/32381","targetHints":{"allow":["GET"]}}],"collection":[{"href":"https:\/\/www.colegioiac.cl\/index.php?rest_route=\/wp\/v2\/posts"}],"about":[{"href":"https:\/\/www.colegioiac.cl\/index.php?rest_route=\/wp\/v2\/types\/post"}],"author":[{"embeddable":true,"href":"https:\/\/www.colegioiac.cl\/index.php?rest_route=\/wp\/v2\/users\/5"}],"replies":[{"embeddable":true,"href":"https:\/\/www.colegioiac.cl\/index.php?rest_route=%2Fwp%2Fv2%2Fcomments&post=32381"}],"version-history":[{"count":1,"href":"https:\/\/www.colegioiac.cl\/index.php?rest_route=\/wp\/v2\/posts\/32381\/revisions"}],"predecessor-version":[{"id":32384,"href":"https:\/\/www.colegioiac.cl\/index.php?rest_route=\/wp\/v2\/posts\/32381\/revisions\/32384"}],"wp:featuredmedia":[{"embeddable":true,"href":"https:\/\/www.colegioiac.cl\/index.php?rest_route=\/wp\/v2\/media\/32382"}],"wp:attachment":[{"href":"https:\/\/www.colegioiac.cl\/index.php?rest_route=%2Fwp%2Fv2%2Fmedia&parent=32381"}],"wp:term":[{"taxonomy":"category","embeddable":true,"href":"https:\/\/www.colegioiac.cl\/index.php?rest_route=%2Fwp%2Fv2%2Fcategories&post=32381"},{"taxonomy":"post_tag","embeddable":true,"href":"https:\/\/www.colegioiac.cl\/index.php?rest_route=%2Fwp%2Fv2%2Ftags&post=32381"}],"curies":[{"name":"wp","href":"https:\/\/api.w.org\/{rel}","templated":true}]}}