{"id":32386,"date":"2026-08-31T22:50:45","date_gmt":"2026-09-01T02:50:45","guid":{"rendered":"https:\/\/www.colegioiac.cl\/?p=32386"},"modified":"2026-08-31T22:50:48","modified_gmt":"2026-09-01T02:50:48","slug":"medalla-de-plata-para-el-basquetbol-damas-iac","status":"publish","type":"post","link":"https:\/\/www.colegioiac.cl\/?p=32386","title":{"rendered":"Medalla de plata para el basquetbol Damas IAC"},"content":{"rendered":"\n<p class=\"wp-block-paragraph\">Un d\u00eda inolvidable tuvo nuestra selecci\u00f3n Juvenil de Basquetbol Damas en el Regional que se disput\u00f3 en el Polideportivo Renato Reggino en Valpara\u00edso, donde nuestras luchadoras se quedaron justamente con el segundo lugar regional.<\/p>\n\n\n\n<p class=\"wp-block-paragraph\">En la semifinal, nuestras seleccionadas se enfrentaron a su similar del colegio Dor de la Ligua estando arriba en el marcador desde principio a fin, sin embargo no dej\u00f3 de ser un partido luchado que se defini\u00f3 en los \u00faltimos minutos del \u00faltimo cuarto.<br><\/p>\n\n\n\n<figure class=\"wp-block-image size-large\"><img loading=\"lazy\" decoding=\"async\" width=\"1024\" height=\"683\" src=\"https:\/\/www.colegioiac.cl\/wp-content\/uploads\/2026\/08\/9-2-1024x683.jpg\" alt=\"\" class=\"wp-image-32388\" srcset=\"https:\/\/www.colegioiac.cl\/wp-content\/uploads\/2026\/08\/9-2-980x551.jpg 980w, https:\/\/www.colegioiac.cl\/wp-content\/uploads\/2026\/08\/9-2-480x270.jpg 480w\" sizes=\"(min-width: 0px) and (max-width: 480px) 480px, (min-width: 481px) and (max-width: 980px) 980px, (min-width: 981px) 1024px, 100vw\" \/><\/figure>\n\n\n\n<p class=\"wp-block-paragraph\">Luego en la final, se enfrentaron a la selecci\u00f3n del Colegio Los leones de Quilpu\u00e9, un equipazo, que luch\u00f3 cada pelota y a pesar que nuestro team se vio con energ\u00eda y ganas, finalmente IAC no pudo y se qued\u00f3 con el segundo puesto y la medalla de plata del regional en el Basquetbol Damas, Categor\u00eda Juvenil.<\/p>\n\n\n\n<figure class=\"wp-block-image size-large\"><img loading=\"lazy\" decoding=\"async\" width=\"1024\" height=\"683\" src=\"https:\/\/www.colegioiac.cl\/wp-content\/uploads\/2026\/08\/14-1-1024x683.jpg\" alt=\"\" class=\"wp-image-32389\" srcset=\"https:\/\/www.colegioiac.cl\/wp-content\/uploads\/2026\/08\/14-1-980x551.jpg 980w, https:\/\/www.colegioiac.cl\/wp-content\/uploads\/2026\/08\/14-1-480x270.jpg 480w\" sizes=\"(min-width: 0px) and (max-width: 480px) 480px, (min-width: 481px) and (max-width: 980px) 980px, (min-width: 981px) 1024px, 100vw\" \/><\/figure>\n\n\n\n<p class=\"wp-block-paragraph\">Agradecemos al entrenador \u00c1lvaro Gonz\u00e1lez, quien acompa\u00f1\u00f3 a nuestras institutanas en esta experiencia regional, con la esperanzas de que logremos pasar esta valla a futuro y lograr que el basquetbol del IAC pueda estar en un nacional.<\/p>\n","protected":false},"excerpt":{"rendered":"<p>Un d\u00eda inolvidable tuvo nuestra selecci\u00f3n Juvenil de Basquetbol Damas en el Regional que se disput\u00f3 en el Polideportivo Renato Reggino en Valpara\u00edso, donde nuestras luchadoras se quedaron justamente con el segundo lugar regional. En la semifinal, nuestras seleccionadas se enfrentaron a su similar del colegio Dor de la Ligua estando arriba en el marcador [&hellip;]<\/p>\n","protected":false},"author":5,"featured_media":32387,"comment_status":"closed","ping_status":"open","sticky":false,"template":"","format":"standard","meta":{"_et_pb_use_builder":"","_et_pb_old_content":"","_et_gb_content_width":"","ngg_post_thumbnail":0,"footnotes":""},"categories":[17],"tags":[],"class_list":["post-32386","post","type-post","status-publish","format-standard","has-post-thumbnail","hentry","category-noticias"],"_links":{"self":[{"href":"https:\/\/www.colegioiac.cl\/index.php?rest_route=\/wp\/v2\/posts\/32386","targetHints":{"allow":["GET"]}}],"collection":[{"href":"https:\/\/www.colegioiac.cl\/index.php?rest_route=\/wp\/v2\/posts"}],"about":[{"href":"https:\/\/www.colegioiac.cl\/index.php?rest_route=\/wp\/v2\/types\/post"}],"author":[{"embeddable":true,"href":"https:\/\/www.colegioiac.cl\/index.php?rest_route=\/wp\/v2\/users\/5"}],"replies":[{"embeddable":true,"href":"https:\/\/www.colegioiac.cl\/index.php?rest_route=%2Fwp%2Fv2%2Fcomments&post=32386"}],"version-history":[{"count":1,"href":"https:\/\/www.colegioiac.cl\/index.php?rest_route=\/wp\/v2\/posts\/32386\/revisions"}],"predecessor-version":[{"id":32390,"href":"https:\/\/www.colegioiac.cl\/index.php?rest_route=\/wp\/v2\/posts\/32386\/revisions\/32390"}],"wp:featuredmedia":[{"embeddable":true,"href":"https:\/\/www.colegioiac.cl\/index.php?rest_route=\/wp\/v2\/media\/32387"}],"wp:attachment":[{"href":"https:\/\/www.colegioiac.cl\/index.php?rest_route=%2Fwp%2Fv2%2Fmedia&parent=32386"}],"wp:term":[{"taxonomy":"category","embeddable":true,"href":"https:\/\/www.colegioiac.cl\/index.php?rest_route=%2Fwp%2Fv2%2Fcategories&post=32386"},{"taxonomy":"post_tag","embeddable":true,"href":"https:\/\/www.colegioiac.cl\/index.php?rest_route=%2Fwp%2Fv2%2Ftags&post=32386"}],"curies":[{"name":"wp","href":"https:\/\/api.w.org\/{rel}","templated":true}]}}