{"id":32396,"date":"2026-09-02T10:42:36","date_gmt":"2026-09-02T14:42:36","guid":{"rendered":"https:\/\/www.colegioiac.cl\/?p=32396"},"modified":"2026-09-02T10:42:37","modified_gmt":"2026-09-02T14:42:37","slug":"oro-en-el-regional-de-balonmano-para-las-bicampeonas","status":"publish","type":"post","link":"https:\/\/www.colegioiac.cl\/?p=32396","title":{"rendered":"Oro en el Regional de Balonmano para las Bicampeonas"},"content":{"rendered":"\n<p class=\"wp-block-paragraph\">Nuestra selecci\u00f3n Juvenil damas de balonmano del Instituto Abd\u00f3n Cifuentes tuvo una gloriosa jornada en donde se coronaron Campe\u00f3n Regional, por segundo a\u00f1o consecutivo, en el Polideportivo Renato Raggio en Valpara\u00edso.<\/p>\n\n\n\n<p class=\"wp-block-paragraph\">Nuestras actuales Bicampeonas del IAC, mostraron que son un equipo de guerreras, desde el comienzo en las semifinales frente al Colegio Alem\u00e1n de Vi\u00f1a del Mar, una \u00abfinal anticipada\u00bb donde lograron demostrar su templanza y categor\u00eda para ganar un trabajado partido.<\/p>\n\n\n\n<figure class=\"wp-block-image size-large\"><img loading=\"lazy\" decoding=\"async\" width=\"1024\" height=\"683\" src=\"https:\/\/www.colegioiac.cl\/wp-content\/uploads\/2026\/09\/2-1-1024x683.jpg\" alt=\"\" class=\"wp-image-32398\" srcset=\"https:\/\/www.colegioiac.cl\/wp-content\/uploads\/2026\/09\/2-1-980x551.jpg 980w, https:\/\/www.colegioiac.cl\/wp-content\/uploads\/2026\/09\/2-1-480x270.jpg 480w\" sizes=\"(min-width: 0px) and (max-width: 480px) 480px, (min-width: 481px) and (max-width: 980px) 980px, (min-width: 981px) 1024px, 100vw\" \/><\/figure>\n\n\n\n<p class=\"wp-block-paragraph\">Nuestra arquera jug\u00f3 un papel preponderante, tapo dos penales espectaculares y dio la seguridad que necesit\u00e1bamos cuando el encuentro se nos vino en contra, jugando con una jugadora menos, aun as\u00ed fue triunfo y pase a la final provincial para el IAC.<\/p>\n\n\n\n<p class=\"wp-block-paragraph\">Ya en la final fue todo m\u00e1s dif\u00edcil aun, jugamos contra la selecci\u00f3n del Colegio Mixto de Los Andes, nos enfrentamos a un rival conocido pero nos quedamos sin una jugadora por lesi\u00f3n, a los 5 minutos de empezar el encuentro, ya estaban luchando contra el destino.<\/p>\n\n\n\n<figure class=\"wp-block-image size-large\"><img loading=\"lazy\" decoding=\"async\" width=\"1024\" height=\"683\" src=\"https:\/\/www.colegioiac.cl\/wp-content\/uploads\/2026\/09\/9-1024x683.jpg\" alt=\"\" class=\"wp-image-32400\" srcset=\"https:\/\/www.colegioiac.cl\/wp-content\/uploads\/2026\/09\/9-980x551.jpg 980w, https:\/\/www.colegioiac.cl\/wp-content\/uploads\/2026\/09\/9-480x270.jpg 480w\" sizes=\"(min-width: 0px) and (max-width: 480px) 480px, (min-width: 481px) and (max-width: 980px) 980px, (min-width: 981px) 1024px, 100vw\" \/><\/figure>\n\n\n\n<p class=\"wp-block-paragraph\">Fueron 10 minutos eternos jugando con 6 jugadoras en la final Regional y nuestras guerreras demostraron que la garra y el trabajo duro dan frutos, el desenlace fue triunfo para el IAC, un triunfo para una generaci\u00f3n que se lo merece y que espera repetir la haza\u00f1a el pr\u00f3ximo a\u00f1o y so\u00f1ar con competir en unos Juegos Escolares Nacionales.<\/p>\n\n\n\n<p class=\"wp-block-paragraph\">Este trabajo en cancha es el reflejo tanto de las jugadoras como de nuestro querido y apasionado Entrenador Felipe Silva, su constante trabajo y motivaci\u00f3n en el tiempo, tiene en el presente el nombre del IAC en lo m\u00e1s alto posible.<\/p>\n\n\n\n<figure class=\"wp-block-image size-large\"><img loading=\"lazy\" decoding=\"async\" width=\"1024\" height=\"683\" src=\"https:\/\/www.colegioiac.cl\/wp-content\/uploads\/2026\/09\/15-1-1024x683.jpg\" alt=\"\" class=\"wp-image-32401\" srcset=\"https:\/\/www.colegioiac.cl\/wp-content\/uploads\/2026\/09\/15-1-980x551.jpg 980w, https:\/\/www.colegioiac.cl\/wp-content\/uploads\/2026\/09\/15-1-480x270.jpg 480w\" sizes=\"(min-width: 0px) and (max-width: 480px) 480px, (min-width: 481px) and (max-width: 980px) 980px, (min-width: 981px) 1024px, 100vw\" \/><\/figure>\n","protected":false},"excerpt":{"rendered":"<p>Nuestra selecci\u00f3n Juvenil damas de balonmano del Instituto Abd\u00f3n Cifuentes tuvo una gloriosa jornada en donde se coronaron Campe\u00f3n Regional, por segundo a\u00f1o consecutivo, en el Polideportivo Renato Raggio en Valpara\u00edso. Nuestras actuales Bicampeonas del IAC, mostraron que son un equipo de guerreras, desde el comienzo en las semifinales frente al Colegio Alem\u00e1n de Vi\u00f1a [&hellip;]<\/p>\n","protected":false},"author":5,"featured_media":32397,"comment_status":"closed","ping_status":"open","sticky":false,"template":"","format":"standard","meta":{"_et_pb_use_builder":"","_et_pb_old_content":"","_et_gb_content_width":"","ngg_post_thumbnail":0,"footnotes":""},"categories":[17],"tags":[],"class_list":["post-32396","post","type-post","status-publish","format-standard","has-post-thumbnail","hentry","category-noticias"],"_links":{"self":[{"href":"https:\/\/www.colegioiac.cl\/index.php?rest_route=\/wp\/v2\/posts\/32396","targetHints":{"allow":["GET"]}}],"collection":[{"href":"https:\/\/www.colegioiac.cl\/index.php?rest_route=\/wp\/v2\/posts"}],"about":[{"href":"https:\/\/www.colegioiac.cl\/index.php?rest_route=\/wp\/v2\/types\/post"}],"author":[{"embeddable":true,"href":"https:\/\/www.colegioiac.cl\/index.php?rest_route=\/wp\/v2\/users\/5"}],"replies":[{"embeddable":true,"href":"https:\/\/www.colegioiac.cl\/index.php?rest_route=%2Fwp%2Fv2%2Fcomments&post=32396"}],"version-history":[{"count":1,"href":"https:\/\/www.colegioiac.cl\/index.php?rest_route=\/wp\/v2\/posts\/32396\/revisions"}],"predecessor-version":[{"id":32402,"href":"https:\/\/www.colegioiac.cl\/index.php?rest_route=\/wp\/v2\/posts\/32396\/revisions\/32402"}],"wp:featuredmedia":[{"embeddable":true,"href":"https:\/\/www.colegioiac.cl\/index.php?rest_route=\/wp\/v2\/media\/32397"}],"wp:attachment":[{"href":"https:\/\/www.colegioiac.cl\/index.php?rest_route=%2Fwp%2Fv2%2Fmedia&parent=32396"}],"wp:term":[{"taxonomy":"category","embeddable":true,"href":"https:\/\/www.colegioiac.cl\/index.php?rest_route=%2Fwp%2Fv2%2Fcategories&post=32396"},{"taxonomy":"post_tag","embeddable":true,"href":"https:\/\/www.colegioiac.cl\/index.php?rest_route=%2Fwp%2Fv2%2Ftags&post=32396"}],"curies":[{"name":"wp","href":"https:\/\/api.w.org\/{rel}","templated":true}]}}